{"id":39475,"date":"2026-03-12T23:42:39","date_gmt":"2026-03-12T23:42:39","guid":{"rendered":"https:\/\/cultura.cordoba.gob.ar\/?p=24202"},"modified":"2026-03-12T23:42:39","modified_gmt":"2026-03-12T23:42:39","slug":"la-tienda-creativa-inicia-su-agenda-2026-con-talleres-gratuitos-de-diseno-y-experimentacion","status":"publish","type":"post","link":"https:\/\/ritmocordoba.com\/?p=39475","title":{"rendered":"La Tienda Creativa inicia su agenda 2026 con talleres gratuitos de dise\u00f1o y experimentaci\u00f3n"},"content":{"rendered":"\n<p><b>Las propuestas son \u201cDibujar lo cotidiano\u201d, un encuentro de exploraci\u00f3n creativa que tendr\u00e1 lugar en el C.C. Espa\u00f1a C\u00f3rdoba, y \u201cDel descarte al personaje\u201d, una invitaci\u00f3n a crear peque\u00f1os robots a partir de materiales reciclados en el Cabildo. Ambas son con inscripci\u00f3n previa a trav\u00e9s del siguiente <\/b><a href=\"https:\/\/linktr.ee\/Diseniocordobes\"><b>enlace<\/b><\/a><\/p>\n<p><span>La Tienda Creativa de la Ciudad durante marzo presenta una serie de actividades culturales abiertas al p\u00fablico vinculadas con el dise\u00f1o y la exploraci\u00f3n creativa. La propuesta incluye talleres gratuitos que se desarrollar\u00e1n en distintos espacios culturales de la ciudad y que estar\u00e1n a cargo de dise\u00f1adores que actualmente comercializan sus productos en este espacio.<\/span><\/p>\n<p><span>Las actividades son impulsadas por el \u00c1rea de Dise\u00f1o de la Secretar\u00eda de Fortalecimiento Vecinal, Cultura y Deportes y buscan generar un v\u00ednculo directo entre los creadores locales y la comunidad.<\/span><\/p>\n<p><span>El primero de los encuentros ser\u00e1 <\/span><b>\u201cDibujar lo cotidiano\u201d<\/b><span>, un taller de exploraci\u00f3n creativa que invita a tomar la vida diaria como fuente de inspiraci\u00f3n. A partir de escenas habituales, los participantes trabajar\u00e1n en la creaci\u00f3n de im\u00e1genes, vi\u00f1etas o diarios ilustrados que transformen la rutina en relato visual.<\/span><\/p>\n<p><span>La actividad est\u00e1 dirigida a j\u00f3venes y adultos y se realizar\u00e1 el mi\u00e9rcoles 18 de marzo de 17:00 a 19:00 en el Centro Cultural Espa\u00f1a C\u00f3rdoba (Entre R\u00edos 40). Estar\u00e1 a cargo de la ilustradora Flora M\u00e1rquez y contar\u00e1 con cupos limitados, con inscripci\u00f3n previa a trav\u00e9s del siguiente <\/span><a href=\"https:\/\/forms.gle\/1YAYDAv6wtoYCTcV8\"><span>enlace.<\/span><\/a><span>&nbsp;<\/span><\/p>\n<p><span>El segundo taller ser\u00e1 <\/span><b>\u201cDel descarte al personaje\u201d<\/b><span>, una propuesta l\u00fadica que invita a transformar materiales reciclados -como madera, metal y objetos en desuso- en peque\u00f1os robots con identidad propia. Durante el encuentro se compartir\u00e1 el proceso creativo detr\u00e1s de estas piezas: c\u00f3mo observar los materiales, descubrir formas posibles y trabajar con texturas para construir objetos con car\u00e1cter.<\/span><\/p>\n<p><span>Esta actividad est\u00e1 pensada para todo p\u00fablico y se realizar\u00e1 el s\u00e1bado 28 de marzo de 10:30 a 12:30 en el Cabildo de C\u00f3rdoba (Independencia 30). El taller estar\u00e1 a cargo de la dise\u00f1adora La Bis Cachera. La inscripci\u00f3n se realiza a trav\u00e9s del siguiente <\/span><a href=\"https:\/\/forms.gle\/2ongXmP3HT6cSpwS8\"><span>enlace.&nbsp;<\/span><\/a><\/p>\n<p><span>Con esta programaci\u00f3n se da inicio a la agenda de actividades 2026 de la Tienda Creativa de la Ciudad, una propuesta que contin\u00faa el trabajo desarrollado durante 2025, generando encuentros, talleres y experiencias orientadas a acercar el dise\u00f1o a la comunidad y generar instancias de intercambio entre creadores y p\u00fablico.<\/span><\/p>\n<p><b>Sobre la Tienda Creativa<\/b><\/p>\n<p><span>El dise\u00f1o tambi\u00e9n es una forma de contar la identidad de un territorio. A trav\u00e9s de objetos y experiencias puede narrar algo del lugar en el que nace: su historia, sus paisajes y su forma de vivir. En C\u00f3rdoba, esa mirada se materializa en la <\/span><b>Tienda Creativa de la Ciudad<\/b><span>, un espacio ubicado en el Cabildo destinado a difundir, visibilizar y poner en circulaci\u00f3n emprendimientos de distintos sectores de las industrias culturales y creativas, entre ellos artesan\u00edas, artes esc\u00e9nicas, artes visuales, audiovisual, dise\u00f1o, editorial, gastronom\u00eda y m\u00fasica. Adem\u00e1s, el espacio impulsa actividades culturales y encuentros que acercan el trabajo de los creadores locales a la comunidad, fortaleciendo el desarrollo del sector y poniendo en valor la identidad creativa cordobesa.&nbsp;<\/span><\/p>\n","protected":false},"excerpt":{"rendered":"<p> Las propuestas son \u201cDibujar lo cotidiano\u201d, un encuentro de exploraci\u00f3n creativa que tendr\u00e1 lugar en el C.C. Espa\u00f1a C\u00f3rdoba, y \u201cDel descarte al personaje\u201d, una invitaci\u00f3n a crear peque\u00f1os robots [&#8230;]  <\/p>\n","protected":false},"author":1,"featured_media":0,"comment_status":"closed","ping_status":"closed","sticky":false,"template":"","format":"standard","meta":{"footnotes":""},"categories":[20,19],"tags":[89,38,28,316,207],"_links":{"self":[{"href":"https:\/\/ritmocordoba.com\/index.php?rest_route=\/wp\/v2\/posts\/39475"}],"collection":[{"href":"https:\/\/ritmocordoba.com\/index.php?rest_route=\/wp\/v2\/posts"}],"about":[{"href":"https:\/\/ritmocordoba.com\/index.php?rest_route=\/wp\/v2\/types\/post"}],"author":[{"embeddable":true,"href":"https:\/\/ritmocordoba.com\/index.php?rest_route=\/wp\/v2\/users\/1"}],"replies":[{"embeddable":true,"href":"https:\/\/ritmocordoba.com\/index.php?rest_route=%2Fwp%2Fv2%2Fcomments&post=39475"}],"version-history":[{"count":0,"href":"https:\/\/ritmocordoba.com\/index.php?rest_route=\/wp\/v2\/posts\/39475\/revisions"}],"wp:attachment":[{"href":"https:\/\/ritmocordoba.com\/index.php?rest_route=%2Fwp%2Fv2%2Fmedia&parent=39475"}],"wp:term":[{"taxonomy":"category","embeddable":true,"href":"https:\/\/ritmocordoba.com\/index.php?rest_route=%2Fwp%2Fv2%2Fcategories&post=39475"},{"taxonomy":"post_tag","embeddable":true,"href":"https:\/\/ritmocordoba.com\/index.php?rest_route=%2Fwp%2Fv2%2Ftags&post=39475"}],"curies":[{"name":"wp","href":"https:\/\/api.w.org\/{rel}","templated":true}]}}