{"id":39452,"date":"2026-03-11T23:45:36","date_gmt":"2026-03-11T23:45:36","guid":{"rendered":"http:\/\/f2c6401533cb8d18c8e800ee394cd9ef"},"modified":"2026-03-11T23:45:36","modified_gmt":"2026-03-11T23:45:36","slug":"moura-cierra-dos-lineas-de-produccion-y-ahora-importara-baterias-de-brasil","status":"publish","type":"post","link":"https:\/\/ritmocordoba.com\/?p=39452","title":{"rendered":"Moura cierra dos l\u00edneas de producci\u00f3n y ahora importar\u00e1 bater\u00edas de Brasil"},"content":{"rendered":"\n<div class=\"media_block\"><img decoding=\"async\" src=\"http:\/\/ritmocordoba.com\/wp-content\/uploads\/2026\/03\/moura-cierra-dos-lineas-de-produccion-y-ahora-importara-baterias-de-brasil.jpg\"><\/div>\n<div><img decoding=\"async\" src=\"http:\/\/ritmocordoba.com\/wp-content\/uploads\/2026\/03\/moura-cierra-dos-lineas-de-produccion-y-ahora-importara-baterias-de-brasil-1.jpg\" class=\"ff-og-image-inserted\"><\/div>\n<p>La crisis industrial alcanz\u00f3 a Moura, una de las marcas l\u00edderes del mercado de las bater\u00edas que en las \u00faltimas horas anunci\u00f3 el cierre de dos l\u00edneas de producci\u00f3n y la reconversi\u00f3n hacia un esquema importador que pone en peligro a decenas de puestos de trabajo.<\/p>\n<p>La firma dejar\u00e1 de fabricar bater\u00edas para camiones en el Parque Industrial de Pilar, complejo que viene siendo <a href=\"https:\/\/www.lapoliticaonline.com\/economia\/por-la-recesion-whirlpool-cerro-una-mega-planta-inaugurada-hace-tres-anos-y-ejecuto-300-despidos\/\">epicentro del descalabro productivo<\/a> generado por la fuerte recesi\u00f3n y donde a finales de 2025 anunci\u00f3 su cierre la mega planta de lavarropas Whirlpool.<\/p>\n<p>Las l\u00edneas de producci\u00f3n que desactiv\u00f3 Moura en Pilar ten\u00edan que ver con bater\u00edas para camiones, las cuales ahora importar\u00e1 desde Brasil. <\/p>\n<p>Esa decisi\u00f3n pone en riesgo al menos 25 puestos de trabajo, en un contexto donde la empresa ya abri\u00f3 un proceso de retiros voluntarios con indemnizaciones. Actualmente, Moura emplea a 180 personas.<\/p>\n<p><a href=\"https:\/\/www.lapoliticaonline.com\/tools\/redirect.php?t=3&amp;i=334007&amp;s=378e25cd4c52bff260a25f85b74b80b5\" class=\"link-type-content content-type-noticia-ar\">El cierre de Whirlpool amenaza con un efecto domin\u00f3 de despidos en el Parque Industrial de Pilar<\/a><\/p>\n<p>&#8220;Esto forma parte de la masacre que este gobierno est\u00e1 cometiendo con la industria, algo que no vivimos ni en pandemia&#8221;, dijo a Pilar a Diario el titular del sindicato Qu\u00edmico, Sergio Gonz\u00e1lez.<\/p>\n<p>En los trabajadores preocupa que el recorte productivo no se detenga en las l\u00edneas de bater\u00edas pesadas y que avance hacia otras producciones.&nbsp;<\/p>\n","protected":false},"excerpt":{"rendered":"\n<div class=\"media_block\"><img decoding=\"async\" src=\"http:\/\/ritmocordoba.com\/wp-content\/uploads\/2026\/03\/moura-cierra-dos-lineas-de-produccion-y-ahora-importara-baterias-de-brasil.jpg\"><\/div>\n<p>La planta del Parque Industrial de Pilar dejar\u00e1 de fabricar modelos para camiones y peligran decenas de puestos de trabajo.  <\/p>\n","protected":false},"author":1,"featured_media":39453,"comment_status":"closed","ping_status":"closed","sticky":false,"template":"","format":"standard","meta":{"footnotes":""},"categories":[26],"tags":[],"_links":{"self":[{"href":"https:\/\/ritmocordoba.com\/index.php?rest_route=\/wp\/v2\/posts\/39452"}],"collection":[{"href":"https:\/\/ritmocordoba.com\/index.php?rest_route=\/wp\/v2\/posts"}],"about":[{"href":"https:\/\/ritmocordoba.com\/index.php?rest_route=\/wp\/v2\/types\/post"}],"author":[{"embeddable":true,"href":"https:\/\/ritmocordoba.com\/index.php?rest_route=\/wp\/v2\/users\/1"}],"replies":[{"embeddable":true,"href":"https:\/\/ritmocordoba.com\/index.php?rest_route=%2Fwp%2Fv2%2Fcomments&post=39452"}],"version-history":[{"count":0,"href":"https:\/\/ritmocordoba.com\/index.php?rest_route=\/wp\/v2\/posts\/39452\/revisions"}],"wp:featuredmedia":[{"embeddable":true,"href":"https:\/\/ritmocordoba.com\/index.php?rest_route=\/wp\/v2\/media\/39453"}],"wp:attachment":[{"href":"https:\/\/ritmocordoba.com\/index.php?rest_route=%2Fwp%2Fv2%2Fmedia&parent=39452"}],"wp:term":[{"taxonomy":"category","embeddable":true,"href":"https:\/\/ritmocordoba.com\/index.php?rest_route=%2Fwp%2Fv2%2Fcategories&post=39452"},{"taxonomy":"post_tag","embeddable":true,"href":"https:\/\/ritmocordoba.com\/index.php?rest_route=%2Fwp%2Fv2%2Ftags&post=39452"}],"curies":[{"name":"wp","href":"https:\/\/api.w.org\/{rel}","templated":true}]}}