{"id":39450,"date":"2026-03-11T22:45:11","date_gmt":"2026-03-11T22:45:11","guid":{"rendered":"http:\/\/69b1e421c1bdadc757cbe7ab"},"modified":"2026-03-11T22:45:11","modified_gmt":"2026-03-11T22:45:11","slug":"cada-lenguaje-transmite-lo-que-vivimos-mujer-llega-al-teatrillo","status":"publish","type":"post","link":"https:\/\/ritmocordoba.com\/?p=39450","title":{"rendered":"\u201cCada lenguaje transmite lo que vivimos\u201d: \u201cMujer\u201d llega al Teatrillo"},"content":{"rendered":"\n<div class=\"media_block\"><img decoding=\"async\" src=\"http:\/\/ritmocordoba.com\/wp-content\/uploads\/2026\/03\/cada-lenguaje-transmite-lo-que-vivimos-mujer-llega-al-teatrillo.jpg\"><\/div>\n<p><tadevel-ad sizes=\"336x280-300x300-300x250-300x200-300x100, 728x90-336x280-300x300-300x250-300x200-300x100 1024w\" slot-id=\"article-content-01\"><\/tadevel-ad><\/p>\n<p>El <strong>Teatrillo <\/strong>presentar\u00e1 el espect\u00e1culo <strong>\u201cMujer\u201d<\/strong> este <strong>domingo 15 de marzo a las 20<\/strong>, una propuesta art\u00edstica que reunir\u00e1 m\u00fasica, danza, canto y narrativa en una misma escena. La funci\u00f3n forma parte del ciclo conmemorativo por el <strong>Mes de las Mujeres <\/strong>y convocar\u00e1 a artistas de San Francisco y la regi\u00f3n.<\/p>\n<p>El encuentro busca celebrar el talento femenino local a trav\u00e9s de una propuesta interdisciplinaria en la que distintos lenguajes art\u00edsticos dialogan sobre el escenario.<\/p>\n<p><tadevel-ad sizes=\"336x280-300x300-300x250-300x200-300x100, 728x90-336x280-300x300-300x250-300x200-300x100 1024w\" slot-id=\"article-content-02\"><\/tadevel-ad><\/p>\n<p>Durante una entrevista en <strong>La Ma\u00f1ana de El Peri\u00f3dico<\/strong>, la cantante <strong>Janet Pussetto<\/strong>, una de las artistas convocadas, explic\u00f3 que la propuesta se caracteriza por la diversidad de disciplinas que participar\u00e1n. \u201cYo creo que tendr\u00e1 el hecho de decir que somos todas mujeres en el escenario de diferentes disciplinas art\u00edsticas que nos re\u00fanen, entre ellas la poes\u00eda, la danza, el canto\u201d.<\/p>\n<p>La artista se\u00f1al\u00f3 que el espect\u00e1culo se pens\u00f3 como un espacio cercano con el p\u00fablico. \u201cEs un encuentro \u00edntimo acompa\u00f1ado de momentos quiz\u00e1s especiales y para disfrutar entre todos y en familia\u201d.<\/p>\n<p><tadevel-ad sizes=\"336x280-300x300-300x250-300x200-300x100, 728x90-336x280-300x300-300x250-300x200-300x100 1024w\" slot-id=\"article-content-03\"><\/tadevel-ad><\/p>\n<figure class=\"multimedia\" data-tadevel-template=\"web\/multimedia\" data-type=\"photo\">\n<div class=\"content\">\n<div class=\"sizer\" data-sizer=\"aspect-ratio\" data-tadevel-template=\"web\/aspect-ratio\"><picture data-tadevel-template=\"web\/picture\"><source sizes=\"(min-device-width: 768px) 768px, 200px\" srcset=\"http:\/\/ritmocordoba.com\/wp-content\/uploads\/2026\/03\/cada-lenguaje-transmite-lo-que-vivimos-mujer-llega-al-teatrillo.webp 180w, http:\/\/ritmocordoba.com\/wp-content\/uploads\/2026\/03\/cada-lenguaje-transmite-lo-que-vivimos-mujer-llega-al-teatrillo-1.webp 360w, https:\/\/periodico-assets.tadevel-cdn.com\/69b1e822c1bdadc757cc19ac\/720.webp 720w\" type=\"image\/webp\"><source sizes=\"(min-device-width: 768px) 768px, 200px\" srcset=\"https:\/\/periodico-assets.tadevel-cdn.com\/69b1e822c1bdadc757cc19ac\/720.jpeg 720w\" type=\"image\/jpeg\"><img alt=\"\u201cCada lenguaje transmite lo que vivimos\u201d: \u201cMujer\u201d llega al Teatrillo \" loading=\"lazy\"><x-picture-helper><\/x-picture-helper><\/picture><\/div>\n<\/div>\n<\/figure>\n<p>Dentro del espect\u00e1culo habr\u00e1 segmentos donde las disciplinas se combinar\u00e1n en escena. En uno de los casos, el canto se fusionar\u00e1 con la literatura en una propuesta compartida.<\/p>\n<p><tadevel-ad sizes=\"336x280-300x300-300x250-300x200-300x100, 728x90-336x280-300x300-300x250-300x200-300x100 1024w\" slot-id=\"article-content-04\"><\/tadevel-ad><\/p>\n<p>En tanto, la escritora <strong>Carina Dezzi<\/strong> adelant\u00f3 que su participaci\u00f3n estar\u00e1 centrada en relatos protagonizados por mujeres. \u201c<strong>Eleg\u00ed algunas historias de mujeres y cada una tiene que ver con el protagonismo de una mujer en particular<\/strong>, hay una conversaci\u00f3n interna que tiene que ver con ese poquito de mujer que somos todas\u201d.<\/p>\n<p>Seg\u00fan explic\u00f3, los relatos abordan distintas experiencias vinculadas a la vida cotidiana. \u201cCada narrativa, cada cuento est\u00e1 protagonizado por una mujer que est\u00e1 atravesada por una historia que nos es com\u00fan a todos\u201d.<\/p>\n<p><tadevel-ad sizes=\"336x280-300x300-300x250-300x200-300x100, 728x90-336x280-300x300-300x250-300x200-300x100 1024w\" slot-id=\"article-content-05\"><\/tadevel-ad><\/p>\n<p>Por su parte, Pussetto anticip\u00f3 que su participaci\u00f3n musical incluir\u00e1 canciones con una mirada social. \u201cVoy a cantar una o dos canciones con mensaje desde la resistencia, desde la lucha de la mujer en esta sociedad\u201d.<\/p>\n<figure class=\"multimedia\" data-html data-tadevel-template=\"web\/multimedia\" data-type=\"video\" data-url=\"https:\/\/www.facebook.com\/elperiodicosf\/videos\/el-teatrillo-presenta-un-encuentro-art%C3%ADstico-por-el-mes-de-las-mujeres\/1295161205822652\/\">\n<div class=\"content\">\n<div class=\"sizer\" data-sizer=\"aspect-ratio\" data-tadevel-template=\"web\/aspect-ratio\">\n<div class=\"backdrop\" data-tadevel-template=\"web\/backdrop\">\n<div data-facade-target=\"[data-tadevel-template=&quot;web\/aspect-ratio&quot;]\" class=\"facade\" data-tadevel-template=\"web\/multimedia-facade\"><button aria-label=\"Reproducir video\" class=\"run\"><svg preserveAspectRatio=\"xMidYMid meet\" viewBox=\"0 0 24 24\" focusable=\"false\"><path d=\"M8 5v14l11-7z\" \/><\/svg><\/button><template><tadevel-sandbox src=\"https:\/\/periodico-app.tadevel-cdn.com\/hostname\/el-periodico.com.ar\/api\/v1\/sandbox\/PGRpdiBjbGFzcz0iaWZyYW1lbHktZW1iZWQiPjxkaXYgY2xhc3M9ImlmcmFtZWx5LXJlc3BvbnNpdmUiIHN0eWxlPSJwYWRkaW5nLWJvdHRvbTogNTYuMzQwNiU7Ij48YSBocmVmPSJodHRwczovL3d3dy5mYWNlYm9vay5jb20vZWxwZXJpb2RpY29zZi92aWRlb3MvZWwtdGVhdHJpbGxvLXByZXNlbnRhLXVuLWVuY3VlbnRyby1hcnQlQzMlQURzdGljby1wb3ItZWwtbWVzLWRlLWxhcy1tdWplcmVzLzEyOTUxNjEyMDU4MjI2NTIvIiBkYXRhLWlmcmFtZWx5LXVybD0iLy9pZi1jZG4uY29tL2pLaHY5ckNLP2NvbnNlbnQ9MCI%2BPC9hPjwvZGl2PjwvZGl2PjxzY3JpcHQgYXN5bmMgc3JjPSIvL2lmLWNkbi5jb20vZW1iZWQuanMiIGNoYXJzZXQ9InV0Zi04Ij48L3NjcmlwdD4%3D?v=aba37f09bfb78f21741ea2ec063d08a7&amp;s=3f643aa5aba792cc735560314b794c28\" data-tadevel-template=\"web\/sandbox\"><\/tadevel-sandbox><\/template><\/div>\n<\/div>\n<\/div>\n<\/div><figcaption class=\"caption\">\n<div class=\"description\">En el marco del Mes de las Mujeres, El Teatrillo presenta \u201cMujer\u201d, un&#8230;<\/div>\n<\/figcaption><\/figure>\n<p><tadevel-ad sizes=\"336x280-300x300-300x250-300x200-300x100, 728x90-336x280-300x300-300x250-300x200-300x100 1024w\" slot-id=\"article-content-06\"><\/tadevel-ad><\/p>\n<h3>Artistas convocadas<\/h3>\n<p>El espect\u00e1culo reunir\u00e1 a <strong>Eva Terraf<\/strong>, <strong>Luciana Balangione<\/strong>, <strong>Janet Pussetto<\/strong>, <strong>Nilda Vega<\/strong>, <strong>Mar\u00eda Elena Ferreyra<\/strong>, <strong>Carina Dezzi<\/strong>, <strong>Julieta Audello<\/strong>, <strong>Mar\u00eda Eugenia Ferreyra<\/strong>, <strong>Yanina Maretto<\/strong> y <strong>Julieta Ferreyra<\/strong>, junto al Ballet Municipal Patria y al Ballet Jazba.<\/p>\n<p>Pussetto destac\u00f3 la trayectoria de las artistas convocadas y el trabajo previo para el espect\u00e1culo. \u201cTenemos artistas s\u00faper importantes en la ciudad y en la regi\u00f3n. Cada una comunica desde el lenguaje art\u00edstico que desarroll\u00f3\u201d.<\/p>\n<p><tadevel-ad sizes=\"336x280-300x300-300x250-300x200-300x100, 728x90-336x280-300x300-300x250-300x200-300x100 1024w\" slot-id=\"article-content-07\"><\/tadevel-ad><\/p>\n<p>Las entradas pueden reservarse al tel\u00e9fono <strong>3564 590390<\/strong> o adquirirse a trav\u00e9s de la plataforma <strong>PlateaVip<\/strong>. La funci\u00f3n se realizar\u00e1 en el <strong>Teatrillo<\/strong>, ubicado en <strong>Bv. 9 de Julio 1167<\/strong>.<\/p>\n<p><tadevel-ad sizes=\"336x280-300x300-300x250-300x200-300x100, 728x90-336x280-300x300-300x250-300x200-300x100 1024w\" slot-id=\"article-content-08\"><\/tadevel-ad> <\/p>\n","protected":false},"excerpt":{"rendered":"\n<div class=\"media_block\"><img decoding=\"async\" src=\"http:\/\/ritmocordoba.com\/wp-content\/uploads\/2026\/03\/cada-lenguaje-transmite-lo-que-vivimos-mujer-llega-al-teatrillo.jpg\"><\/div>\n<p>El espect\u00e1culo re\u00fane m\u00fasica, danza y poes\u00eda de la mano de artistas locales de distintas disciplinas. Subir\u00e1 a escena este domingo 15 de marzo a las 20. La propuesta forma parte del ciclo conmemorativo del Mes de las Mujeres.  <\/p>\n","protected":false},"author":1,"featured_media":39451,"comment_status":"closed","ping_status":"closed","sticky":false,"template":"","format":"standard","meta":{"footnotes":""},"categories":[19],"tags":[],"_links":{"self":[{"href":"https:\/\/ritmocordoba.com\/index.php?rest_route=\/wp\/v2\/posts\/39450"}],"collection":[{"href":"https:\/\/ritmocordoba.com\/index.php?rest_route=\/wp\/v2\/posts"}],"about":[{"href":"https:\/\/ritmocordoba.com\/index.php?rest_route=\/wp\/v2\/types\/post"}],"author":[{"embeddable":true,"href":"https:\/\/ritmocordoba.com\/index.php?rest_route=\/wp\/v2\/users\/1"}],"replies":[{"embeddable":true,"href":"https:\/\/ritmocordoba.com\/index.php?rest_route=%2Fwp%2Fv2%2Fcomments&post=39450"}],"version-history":[{"count":0,"href":"https:\/\/ritmocordoba.com\/index.php?rest_route=\/wp\/v2\/posts\/39450\/revisions"}],"wp:featuredmedia":[{"embeddable":true,"href":"https:\/\/ritmocordoba.com\/index.php?rest_route=\/wp\/v2\/media\/39451"}],"wp:attachment":[{"href":"https:\/\/ritmocordoba.com\/index.php?rest_route=%2Fwp%2Fv2%2Fmedia&parent=39450"}],"wp:term":[{"taxonomy":"category","embeddable":true,"href":"https:\/\/ritmocordoba.com\/index.php?rest_route=%2Fwp%2Fv2%2Fcategories&post=39450"},{"taxonomy":"post_tag","embeddable":true,"href":"https:\/\/ritmocordoba.com\/index.php?rest_route=%2Fwp%2Fv2%2Ftags&post=39450"}],"curies":[{"name":"wp","href":"https:\/\/api.w.org\/{rel}","templated":true}]}}