{"id":39449,"date":"2026-03-11T23:42:26","date_gmt":"2026-03-11T23:42:26","guid":{"rendered":"https:\/\/cultura.cordoba.gob.ar\/?p=24206"},"modified":"2026-03-11T23:42:26","modified_gmt":"2026-03-11T23:42:26","slug":"julieta-laso-y-camila-sosa-villada-presentan-aullan-a-horacio-guarany-en-el-teatro-comedia","status":"publish","type":"post","link":"https:\/\/ritmocordoba.com\/?p=39449","title":{"rendered":"Julieta Laso y Camila Sosa Villada presentan A\u00fallan a Horacio Guarany en el Teatro Comedia"},"content":{"rendered":"\n<p><b>La tanguera porte\u00f1a y la escritora \u2013 actriz cordobesa ofrecer\u00e1n un potente homenaje al folklorista el pr\u00f3ximo s\u00e1bado 21 de marzo a las 20:00. El evento tendr\u00e1 una \u00fanica funci\u00f3n y har\u00e1 un repaso por 20 canciones de su repertorio.<\/b><\/p>\n<p><span>La cantante Julieta Laso y la escritora y actriz Camila Sosa Villada compartir\u00e1n escenario en <\/span><i><span>A\u00fallan a Horacio Guarany<\/span><\/i><span>, un espect\u00e1culo que homenajea la obra del hist\u00f3rico folclorista argentino. La funci\u00f3n ser\u00e1 el s\u00e1bado 21 de marzo a las 20:00 en el Teatro Comedia (Rivadavia 254) y las entradas pueden adquirirse a trav\u00e9s del siguiente <\/span><a href=\"https:\/\/www.ticketek.com.ar\/julieta-laso-y-camila-sosa-villada\/teatro-comedia\"><span>enlace<\/span><\/a><span> o en la boleter\u00eda.&nbsp;<\/span><\/p>\n<p><span>La propuesta re\u00fane exclusivamente canciones de Horacio Guarany y busca recorrer su repertorio desde una mirada personal y contempor\u00e1nea. Seg\u00fan explican sus protagonistas, el espect\u00e1culo tambi\u00e9n recupera uno de los rasgos m\u00e1s m\u00edticos del artista: su v\u00ednculo con el vino. \u201cHonrar\u00e1s el vino por sobre todas las cosas\u201d, dicen Laso y Sosa Villada al referirse, con humor, a lo que llaman \u201cel onceavo mandamiento\u201d.<\/span><\/p>\n<p><span>El proyecto naci\u00f3 en el marco de la amistad que ambas artistas mantienen desde hace varios a\u00f1os. En conversaciones nocturnas y en el intercambio constante de canciones comenzaron a aparecer, casi naturalmente, las composiciones de Guarany.<\/span><\/p>\n<p><span>\u201cSiempre nos mandamos canciones o nos acordamos de canciones mientras hablamos. En ese contexto aparecieron las de Horacio Guarany\u201d, cuenta Laso.<\/span><\/p>\n<p><span>Sosa Villada, por su parte, vincula ese repertorio con su propia historia familiar. \u201cGuarany me significa toda la infancia. Mis padres escuchaban mucho sus canciones, sobre todo las de amor\u201d, recuerda la autora de <\/span><i><span>Las malas<\/span><\/i><span>, quien se\u00f1ala que la obra del m\u00fasico ocupa un lugar central dentro del folklore argentino.<\/span><\/p>\n<p><span>El espect\u00e1culo incluir\u00e1 alrededor de veinte canciones seleccionadas del amplio repertorio del artista, una tarea que \u2014seg\u00fan las propias int\u00e9rpretes\u2014 result\u00f3 dif\u00edcil debido a la cantidad de piezas memorables que dej\u00f3 el compositor.<\/span><\/p>\n<p><i><span>\u201cA\u00fallan a Horacio Guarany\u201d<\/span><\/i><span> ser\u00e1 adem\u00e1s la primera vez que Laso y Sosa Villada compartan un espect\u00e1culo completo juntas. \u201cEn alg\u00fan momento actu\u00e9 en C\u00f3rdoba e invit\u00e9 a Camila a cantar unos tangos, pero esta ser\u00e1 la primera vez que hagamos algo las dos\u201d, adelanta la cantante.<\/span><\/p>\n<p><span>La funci\u00f3n se presenta como una fecha \u00fanica, pensada como una noche intensa dedicada a las canciones de Guarany, atravesada por la complicidad entre ambas artistas y por el esp\u00edritu festivo que rodea la figura del legendario folclorista.<\/span><\/p>\n<p><b>Sobre Julieta Laso<\/b><\/p>\n<p><span>Julieta Laso lanz\u00f3 en 2010 su primer disco solista, <\/span><i><span>Tango Rante<\/span><\/i><span>, dedicado a cl\u00e1sicos del tango y la milonga. Entre 2013 y 2018 fue cantante de la Orquesta Fern\u00e1ndez Fierro, referente del nuevo tango argentino, con la que realiz\u00f3 giras internacionales y grab\u00f3 dos discos premiados.<\/span><\/p>\n<p><span>Con su segundo \u00e1lbum, <\/span><i><span>Martingala<\/span><\/i><span> (2018), fue nominada a los Premios Gardel como Mejor Cantante Femenina de Tango. Luego public\u00f3 <\/span><i><span>La Caldera<\/span><\/i><span> (2021) y <\/span><i><span>Cabeza Negra<\/span><\/i><span> (2022), disco que obtuvo el Gardel a Mejor \u00c1lbum de Tango en 2023.<\/span><\/p>\n<p><span>Adem\u00e1s de su carrera musical, Laso tambi\u00e9n se desempe\u00f1a como actriz y fue reconocida con el Premio Trinidad Guevara a la Revelaci\u00f3n Femenina. En 2024 fue distinguida como Personalidad de la Cultura de la Ciudad de Buenos Aires y recientemente recibi\u00f3 el Diploma al M\u00e9rito de los Premios Konex en la categor\u00eda solista de tango. Actualmente prepara un nuevo disco producido por Daniel Melingo.<\/span><\/p>\n<p><b>Sobre Camila Sosa Villada:<\/b><b><br \/><\/b><span>Camila Sosa Villada (1982, C\u00f3rdoba, Argentina). Es escritora, actriz, cantante y dramaturga.&nbsp; En 2009 estren\u00f3 su primer espect\u00e1culo, Carnes tolendas, retrato esc\u00e9nico de un travesti. Es autora del ensayo El viaje in\u00fatil (2018), de las novelas Las malas (2020) y Tesis sobre una domesticaci\u00f3n (2024), y del libro de relatos Soy una tonta por quererte (2022). Por Las malas, considerada una de las mejores novelas publicadas en 2020 y traducida a m\u00e1s de veinte idiomas, obtuvo los premios internacionales Sor Juana In\u00e9s de la Cruz 2020, Finestres de Narrativa 2020 y el Grand Prix de l\u2019H\u00e9ro\u00efne Madame Figaro 2021.<\/span><\/p>\n","protected":false},"excerpt":{"rendered":"<p> La tanguera porte\u00f1a y la escritora &#8211; actriz cordobesa ofrecer\u00e1n un potente homenaje al folklorista el pr\u00f3ximo s\u00e1bado 21 de marzo a las 20:00. El evento tendr\u00e1 una \u00fanica funci\u00f3n [&#8230;]  <\/p>\n","protected":false},"author":1,"featured_media":0,"comment_status":"closed","ping_status":"closed","sticky":false,"template":"","format":"standard","meta":{"footnotes":""},"categories":[20,19],"tags":[28,104],"_links":{"self":[{"href":"https:\/\/ritmocordoba.com\/index.php?rest_route=\/wp\/v2\/posts\/39449"}],"collection":[{"href":"https:\/\/ritmocordoba.com\/index.php?rest_route=\/wp\/v2\/posts"}],"about":[{"href":"https:\/\/ritmocordoba.com\/index.php?rest_route=\/wp\/v2\/types\/post"}],"author":[{"embeddable":true,"href":"https:\/\/ritmocordoba.com\/index.php?rest_route=\/wp\/v2\/users\/1"}],"replies":[{"embeddable":true,"href":"https:\/\/ritmocordoba.com\/index.php?rest_route=%2Fwp%2Fv2%2Fcomments&post=39449"}],"version-history":[{"count":0,"href":"https:\/\/ritmocordoba.com\/index.php?rest_route=\/wp\/v2\/posts\/39449\/revisions"}],"wp:attachment":[{"href":"https:\/\/ritmocordoba.com\/index.php?rest_route=%2Fwp%2Fv2%2Fmedia&parent=39449"}],"wp:term":[{"taxonomy":"category","embeddable":true,"href":"https:\/\/ritmocordoba.com\/index.php?rest_route=%2Fwp%2Fv2%2Fcategories&post=39449"},{"taxonomy":"post_tag","embeddable":true,"href":"https:\/\/ritmocordoba.com\/index.php?rest_route=%2Fwp%2Fv2%2Ftags&post=39449"}],"curies":[{"name":"wp","href":"https:\/\/api.w.org\/{rel}","templated":true}]}}