{"id":39425,"date":"2026-03-09T19:31:21","date_gmt":"2026-03-09T19:31:21","guid":{"rendered":"http:\/\/69af1b9c5f6c71474ab554f3"},"modified":"2026-03-09T19:31:21","modified_gmt":"2026-03-09T19:31:21","slug":"estrenan-en-londres-el-documental-oscar-francia-una-historia-de-pueblo-chico-realizado-en-el-taller-municipal","status":"publish","type":"post","link":"https:\/\/ritmocordoba.com\/?p=39425","title":{"rendered":"Estrenan en Londres el documental \u201cOscar Francia, una historia de pueblo chico\u201d realizado en el taller municipal"},"content":{"rendered":"\n<div class=\"media_block\"><img decoding=\"async\" src=\"http:\/\/ritmocordoba.com\/wp-content\/uploads\/2026\/03\/estrenan-en-londres-el-documental-oscar-francia-una-historia-de-pueblo-chico-realizado-en-el-taller-municipal.jpg\"><\/div>\n<div><img decoding=\"async\" src=\"https:\/\/periodico-app.tadevel-cdn.com\/hostname\/el-periodico.com.ar\/api\/v1\/image\/article\/69af1b9c5f6c71474ab554f3\/facebook?v=0a4196fb78c1de761c22c47560ecc4cb&amp;s=82e07d01325201ecd1d0f161e147c699\" class=\"ff-og-image-inserted\"><\/div>\n<p><tadevel-ad sizes=\"336x280-300x300-300x250-300x200-300x100, 728x90-336x280-300x300-300x250-300x200-300x100 1024w\" slot-id=\"article-content-01\"><\/tadevel-ad><\/p>\n<p>En julio de 2021 comenz\u00f3 a desplegarse la realizaci\u00f3n del documental <a href=\"https:\/\/el-periodico.com.ar\/local\/-nunca-le-afloje---oscar-francia-cuenta-como-sigue-de-salud-y-busca-ayuda-para-un-vecino_a69a86fe8ddc6f0a601292f0c\">\u201cOscar Francia, una historia de pueblo chico\u201d<\/a>, sobre la vida de este vecino y pintoresco personaje cuya vida inspir\u00f3 al director sanfrancisque\u00f1o Javier Mitchell que tambi\u00e9n est\u00e1 a cargo el \u201cTaller de Realizaci\u00f3n de Cortometrajes\u201d de la Direcci\u00f3n Municipal de Cultura.<\/p>\n<p>El estreno se llevar\u00e1 a cabo en Inglaterra y tiene una duraci\u00f3n de 60 minutos, adem\u00e1s se podr\u00e1 ver en San Francisco el 23 de abril en el Cine Las Tipas. Hoy tambi\u00e9n ver\u00e1 la luz en Londres un documental hecho con Carmelina Ercole llamado \u201cE penso a te (Y pienso en ti)\u201d.<\/p>\n<p><tadevel-ad sizes=\"336x280-300x300-300x250-300x200-300x100, 728x90-336x280-300x300-300x250-300x200-300x100 1024w\" slot-id=\"article-content-02\"><\/tadevel-ad><\/p>\n<p>Mitchell cont\u00f3 sus sensaciones ante este hecho: \u201cTodo lo que rodea a este documental es sumamente pintoresco, partiendo desde la historia que es muy linda y ha sido un placer para m\u00ed dirigir, que empez\u00f3 con la idea que trajo una de las integrantes del taller, Raquel Camusso. Ah\u00ed empezamos a trabajar hasta que en medio vino la pandemia y eso nos demor\u00f3 todo\u201d.<\/p>\n<h4>Una historia particular<\/h4>\n<p>El director y guionista expres\u00f3 que el documental sobre Oscar Francia es \u201cuna experiencia muy querida y apreciada por la comunidad&#8221; y ahond\u00f3: \u201cFederico Fellini dec\u00eda \u2018cuenta la historia de tu pueblo y estar\u00e1s contando la historia universal\u2019 y esto responde a esa frase\u201d.&nbsp;<\/p>\n<p><tadevel-ad sizes=\"336x280-300x300-300x250-300x200-300x100, 728x90-336x280-300x300-300x250-300x200-300x100 1024w\" slot-id=\"article-content-03\"><\/tadevel-ad><\/p>\n<p><a href=\"https:\/\/el-periodico.com.ar\/local\/-lo-siento-como-un-reconocimiento---dijo-oscar-francia-sobre-su-documental_a60fee81e9772eb6a9dee0b5f\">Se trata de una historia de pueblo chico ya que Oscar nace en Freyre, despu\u00e9s se muda a Luxardo en medio del campo<\/a>. &#8220;Hasta que finalmente termina en San Francisco que tambi\u00e9n es una ciudad chica y conservadora. Pese a todas las cosas en contra que pudo tener en su momento, hoy es una persona que est\u00e1 totalmente abrazada por la sociedad\u201d, a\u00f1adi\u00f3.<\/p>\n<h4>El armado<\/h4>\n<p>Se podr\u00e1 conocer a este vecino tambi\u00e9n a trav\u00e9s del testimonio de otras personas que relatan diferentes momentos vividos con \u00e9l como vecinos y clientes, hasta su maestra de sexto grado en Luxardo. Se relatan entre otras cosas aspectos de la vida de Oscar que lo pintan tal como es ahora.<\/p>\n<p><tadevel-ad sizes=\"336x280-300x300-300x250-300x200-300x100, 728x90-336x280-300x300-300x250-300x200-300x100 1024w\" slot-id=\"article-content-04\"><\/tadevel-ad><\/p>\n<p>\u201cDespu\u00e9s de las entrevistas tuvimos que armar un gui\u00f3n que sea atractivo para el espectador que trata exclusivamente sobre la vida de una persona de m\u00e1s de 70 a\u00f1os que se sinti\u00f3 diferente desde el primer momento y muestra c\u00f3mo fue pasando cada una de esas etapas de su vida, c\u00f3mo reaccionaba la gente y c\u00f3mo se sinti\u00f3 con todo eso\u201d, destac\u00f3.<\/p>\n<p><a href=\"https:\/\/el-periodico.com.ar\/local\/-una-historia-de-pueblo-chico---asi-se-llamara-el-documental-sobre-oscar-francia_a61ca559b905e9a28e953b5c9\">Como director del trabajo defini\u00f3 la experiencia de trabajar con Oscar Francia como \u201cfrancamente deliciosa<\/a>\u201d. Sobre aquel momento record\u00f3: \u201cComenzamos con una prueba de c\u00e1mara que hicimos en el Centro de Convenciones de la Asociaci\u00f3n Mutual \u00c1rabe continuando luego con las entrevistas siguiendo con el resto de las que hicimos con las otras personas que aparecen en el documental incluyendo tomas en Luxardo, en su primera casa en el campo y en distintos puntos de San Francisco\u201d.<\/p>\n<p><tadevel-ad sizes=\"336x280-300x300-300x250-300x200-300x100, 728x90-336x280-300x300-300x250-300x200-300x100 1024w\" slot-id=\"article-content-05\"><\/tadevel-ad><\/p>\n<p>Como valor agregado hay que resaltar que intervinieron quienes forman parte del Taller de Realizaci\u00f3n de Cortometrajes de la Municipalidad de San Francisco. &#8220;La c\u00e1mara principal estuvo a cargo de Sergio Bertea y la segunda unidad la hizo Silvia Maranzana quienes estuvieron en la sesi\u00f3n privada que hicimos hace unos d\u00edas y les encant\u00f3 el trabajo final que se logr\u00f3\u201d, explic\u00f3 Mitchell.<\/p>\n<h4>No tiene techo<\/h4>\n<p>Un elemento a tener en cuenta con este trabajo lo marca el hecho de que su proyecci\u00f3n art\u00edstica es una inc\u00f3gnita debido a que ya se encuentra inscripta en 20 festivales internacionales, marcando de esta manera un futuro art\u00edstico m\u00e1s que promisorio.<\/p>\n<p><tadevel-ad sizes=\"336x280-300x300-300x250-300x200-300x100, 728x90-336x280-300x300-300x250-300x200-300x100 1024w\" slot-id=\"article-content-06\"><\/tadevel-ad><\/p>\n<p>En este caso, Mitchell dijo: &#8220;<a href=\"https:\/\/el-periodico.com.ar\/local\/la-vida-de-oscar-francia-sera-reflejada-en-un-documental_a60fee8089772eb6a9dee0932\">Estamos con muchas ilusiones sobre lo que pueda pasar con este documental<\/a> que seguramente estar\u00e1 presente en festivales en Europa, en Canad\u00e1, etc. marcando presencia asegurada hasta 2027\u201d.<\/p>\n<h4>Proyectos<\/h4>\n<p>Entre los pr\u00f3ximos trabajos junto con los integrantes del taller abordar\u00e1n al el Palacio Tampieri y su reconstrucci\u00f3n, mientras que la historia de Avelino \u201cTofito\u201d Suf\u00eda promete ser igualmente atrapante que el trabajo sobre Oscar Francia por tratarse de otro personaje entra\u00f1able de la ciudad.<\/p>\n<p><tadevel-ad sizes=\"336x280-300x300-300x250-300x200-300x100, 728x90-336x280-300x300-300x250-300x200-300x100 1024w\" slot-id=\"article-content-07\"><\/tadevel-ad><\/p>\n<p>En otro orden, record\u00f3 que las clases del per\u00edodo 2026 en el Taller de Realizaci\u00f3n de Cortometrajes \u201ccomenzar\u00e1n en abril y est\u00e1 planificado filmar un documental sobre la ciudad de San Francisco y San Francisco de As\u00eds, con im\u00e1genes tomadas en San Francisco y en Italia\u201d.<\/p>\n<p>Al taller se pueden inscribir personas desde los 16 a\u00f1os de edad, los grupos se dividen entre el Taller de Cine Nivel 1; Taller de Cine Nivel 2 y el Taller de Actuaci\u00f3n Frente a C\u00e1mara.&nbsp;<\/p>\n<p><tadevel-ad sizes=\"336x280-300x300-300x250-300x200-300x100, 728x90-336x280-300x300-300x250-300x200-300x100 1024w\" slot-id=\"article-content-08\"><\/tadevel-ad><\/p>\n<p>Las inscripciones se realizan hasta el 20 de marzo en la Direcci\u00f3n Municipal de Cultura -Bv. 9 de Julio 1187-, de lunes a viernes de 18 a 20 horas.<\/p>\n<figure class=\"multimedia\" data-html data-tadevel-template=\"web\/multimedia\" data-type=\"rich\" data-url=\"https:\/\/el-periodico.com.ar\/local\/-nunca-le-afloje---oscar-francia-cuenta-como-sigue-de-salud-y-busca-ayuda-para-un-vecino_a69a86fe8ddc6f0a601292f0c\"><figcaption class=\"caption\">\n<div class=\"description\">\u201cNunca le afloj\u00e9\u201d: Oscar Francia cuenta c\u00f3mo sigue de salud y busca ayuda para un vecino<\/div>\n<\/figcaption><\/figure>\n<p><tadevel-ad sizes=\"336x280-300x300-300x250-300x200-300x100, 728x90-336x280-300x300-300x250-300x200-300x100 1024w\" slot-id=\"article-content-09\"><\/tadevel-ad> <\/p>\n","protected":false},"excerpt":{"rendered":"\n<div class=\"media_block\"><img decoding=\"async\" src=\"http:\/\/ritmocordoba.com\/wp-content\/uploads\/2026\/03\/estrenan-en-londres-el-documental-oscar-francia-una-historia-de-pueblo-chico-realizado-en-el-taller-municipal.jpg\"><\/div>\n<p>El estreno se llevar\u00e1 a cabo en Inglaterra y tiene una duraci\u00f3n de 60 minutos, adem\u00e1s se podr\u00e1 ver en San Francisco el 23 de abril en el Cine Las Tipas.  <\/p>\n","protected":false},"author":1,"featured_media":39426,"comment_status":"closed","ping_status":"closed","sticky":false,"template":"","format":"standard","meta":{"footnotes":""},"categories":[19],"tags":[],"_links":{"self":[{"href":"https:\/\/ritmocordoba.com\/index.php?rest_route=\/wp\/v2\/posts\/39425"}],"collection":[{"href":"https:\/\/ritmocordoba.com\/index.php?rest_route=\/wp\/v2\/posts"}],"about":[{"href":"https:\/\/ritmocordoba.com\/index.php?rest_route=\/wp\/v2\/types\/post"}],"author":[{"embeddable":true,"href":"https:\/\/ritmocordoba.com\/index.php?rest_route=\/wp\/v2\/users\/1"}],"replies":[{"embeddable":true,"href":"https:\/\/ritmocordoba.com\/index.php?rest_route=%2Fwp%2Fv2%2Fcomments&post=39425"}],"version-history":[{"count":0,"href":"https:\/\/ritmocordoba.com\/index.php?rest_route=\/wp\/v2\/posts\/39425\/revisions"}],"wp:featuredmedia":[{"embeddable":true,"href":"https:\/\/ritmocordoba.com\/index.php?rest_route=\/wp\/v2\/media\/39426"}],"wp:attachment":[{"href":"https:\/\/ritmocordoba.com\/index.php?rest_route=%2Fwp%2Fv2%2Fmedia&parent=39425"}],"wp:term":[{"taxonomy":"category","embeddable":true,"href":"https:\/\/ritmocordoba.com\/index.php?rest_route=%2Fwp%2Fv2%2Fcategories&post=39425"},{"taxonomy":"post_tag","embeddable":true,"href":"https:\/\/ritmocordoba.com\/index.php?rest_route=%2Fwp%2Fv2%2Ftags&post=39425"}],"curies":[{"name":"wp","href":"https:\/\/api.w.org\/{rel}","templated":true}]}}