{"id":39386,"date":"2026-03-08T10:40:17","date_gmt":"2026-03-08T10:40:17","guid":{"rendered":"https:\/\/puntal-editorialfundamento.cms.api.thinkindot.com\/c253434"},"modified":"2026-03-08T10:40:17","modified_gmt":"2026-03-08T10:40:17","slug":"8m-cordoba-ya-tiene-registrados-tres-femicidios-en-lo-que-va-del-ano-2026","status":"publish","type":"post","link":"https:\/\/ritmocordoba.com\/?p=39386","title":{"rendered":"8M: C\u00f3rdoba ya tiene registrados tres femicidios en lo que va del a\u00f1o 2026"},"content":{"rendered":"\n<div><img decoding=\"async\" src=\"http:\/\/ritmocordoba.com\/wp-content\/uploads\/2026\/03\/8m-cordoba-ya-tiene-registrados-tres-femicidios-en-lo-que-va-del-ano-2026.jpg\" class=\"ff-og-image-inserted\"><\/div>\n<p> Uno es el de Delfina (Villa Mar\u00eda), otro es el de Lourdes (Capital) y el tercero el de Iris (Pilar).<\/p>\n<p>En la ciudad, se record\u00f3 el lesbicidio de Natalia \u201cPepa\u201d Gait\u00e1n.<\/p>\n<p>En tanto, el colectivo convoca a una marcha para el lunes a las 17 en la Plaza Roca.<\/p>\n<p>En la provincia, el primer femicidio ocurri\u00f3 \u201cel jueves 1 de enero en Villa Mar\u00eda, cuando Tom\u00e1s Ariel Mulinetti (23) asesin\u00f3 de varias pu\u00f1aladas a Delfina Aimino (22) en un descampado ubicado entre el predio de la Sociedad Rural y el Campus de la UNVM\u201d.<\/p>\n<p>En tanto, \u201cel lunes 5 de enero, Lourdes Abigail Orellano (26) muri\u00f3 en el Instituto del Quemado luego de haber sido rociada con nafta y prendida fuego por dos hombres, en un ataque ocurrido el s\u00e1bado 27 de diciembre en barrio San Jorge de la capital\u201d.<\/p>\n<p>Y recientemente \u201cmuri\u00f3 en el Hospital Misericordia de la capital provincial Iris Blanco (33), una enfermera oriunda de la localidad cordobesa de Pilar, que fue v\u00edctima de una brutal golpiza propinada por su pareja, en un contexto de violencia de g\u00e9nero\u201d.<\/p>\n<p>Por el crimen se encuentra detenido Ernesto Romagnoli (36), quien a ra\u00edz del fallecimiento de la mujer fue imputado como presunto autor del delito \u201chomicidio doblemente calificado, por el v\u00ednculo y por violencia de g\u00e9nero\u201d.<\/p>\n<p>En di\u00e1logo con <strong>Puntal<\/strong>, la directora del Observatorio Nacional Mumal\u00e1, Betiana Cabrera Fasolis, dijo: \u201cEn lo que va del a\u00f1o, se registraron tres femicidios en C\u00f3rdoba. El de Delfina, el de Lourdes y el de Iris\u201d.<\/p>\n<p>Y a\u00f1adi\u00f3: \u201cEn la actualidad, hay 46 femicidios y 183 intentos de femicidios en el pa\u00eds\u201d.<\/p>\n<p>Mumal\u00e1 es un movimiento feminista que lucha por la igualdad, la justicia y contra las violencias de g\u00e9nero.<\/p>\n","protected":false},"excerpt":{"rendered":"\n<p class=\"ignore-parser\">Seg\u00fan Mumal\u00e1, uno es el de Delfina (Villa Mar\u00eda), otro es el de Lourdes (Capital) y el tercero, el de Iris (Pilar). Ayer se record\u00f3 el lesbicidio de &#8220;Pepa&#8221; Gait\u00e1n. El colectivo convoca a una marcha para el lunes a las 17 en Plaza Roca <\/p>\n","protected":false},"author":1,"featured_media":39387,"comment_status":"closed","ping_status":"closed","sticky":false,"template":"","format":"standard","meta":{"footnotes":""},"categories":[26],"tags":[],"_links":{"self":[{"href":"https:\/\/ritmocordoba.com\/index.php?rest_route=\/wp\/v2\/posts\/39386"}],"collection":[{"href":"https:\/\/ritmocordoba.com\/index.php?rest_route=\/wp\/v2\/posts"}],"about":[{"href":"https:\/\/ritmocordoba.com\/index.php?rest_route=\/wp\/v2\/types\/post"}],"author":[{"embeddable":true,"href":"https:\/\/ritmocordoba.com\/index.php?rest_route=\/wp\/v2\/users\/1"}],"replies":[{"embeddable":true,"href":"https:\/\/ritmocordoba.com\/index.php?rest_route=%2Fwp%2Fv2%2Fcomments&post=39386"}],"version-history":[{"count":0,"href":"https:\/\/ritmocordoba.com\/index.php?rest_route=\/wp\/v2\/posts\/39386\/revisions"}],"wp:featuredmedia":[{"embeddable":true,"href":"https:\/\/ritmocordoba.com\/index.php?rest_route=\/wp\/v2\/media\/39387"}],"wp:attachment":[{"href":"https:\/\/ritmocordoba.com\/index.php?rest_route=%2Fwp%2Fv2%2Fmedia&parent=39386"}],"wp:term":[{"taxonomy":"category","embeddable":true,"href":"https:\/\/ritmocordoba.com\/index.php?rest_route=%2Fwp%2Fv2%2Fcategories&post=39386"},{"taxonomy":"post_tag","embeddable":true,"href":"https:\/\/ritmocordoba.com\/index.php?rest_route=%2Fwp%2Fv2%2Ftags&post=39386"}],"curies":[{"name":"wp","href":"https:\/\/api.w.org\/{rel}","templated":true}]}}