{"id":39366,"date":"2026-03-07T20:51:30","date_gmt":"2026-03-07T20:51:30","guid":{"rendered":"https:\/\/puntal-editorialfundamento.cms.api.thinkindot.com\/c253417"},"modified":"2026-03-07T20:51:30","modified_gmt":"2026-03-07T20:51:30","slug":"un-sismo-de-5-grados-se-registro-en-la-rioja-y-se-sintio-en-algunas-partes-de-cordoba","status":"publish","type":"post","link":"https:\/\/ritmocordoba.com\/?p=39366","title":{"rendered":"Un sismo de 5 grados se registr\u00f3 en La Rioja y se sinti\u00f3 en algunas partes de C\u00f3rdoba"},"content":{"rendered":"\n<div><img decoding=\"async\" src=\"http:\/\/ritmocordoba.com\/wp-content\/uploads\/2026\/03\/un-sismo-de-5-grados-se-registro-en-la-rioja-y-se-sintio-en-algunas-partes-de-cordoba.jpg\" class=\"ff-og-image-inserted\"><\/div>\n<div class=\"cuerpo\" data-twitter-link readability=\"31\">\n<p> Asimismo, el organismo confirm\u00f3 que el movimiento tel\u00farico se registr\u00f3 a 147 kil\u00f3metros de profundidad a las 14.13 de este s\u00e1bado, y tuvo como epicentro la localidad de Ulapes, a unos 35 kil\u00f3metros de Chepes, en la zona sur de La Rioja.<\/p>\n<p>Por su parte, en territorio cordob\u00e9s el temblor se percibi\u00f3 a varios kil\u00f3metros de distancia del epicentro, en las ciudades de Mina Clavero, Villa Dolores, Anisacate, Villa Carlos Paz, La Falda y Alta Gracia.<\/p>\n<p>Adem\u00e1s de C\u00f3rdoba y de las ciudades riojanas, el sismo extendi\u00f3 su alcance hacia otras localidades vecinas como Villa San Agust\u00edn y Ciudad de San Juan (San Juan), la Ciudad de San Luis y la localidad puntana de Quines, como as\u00ed tambi\u00e9n en la Ciudad de Mendoza, aunque en forma leve.<\/p>\n<\/div>\n","protected":false},"excerpt":{"rendered":"\n<p class=\"ignore-parser\">El INPRES confirm\u00f3 que el movimiento tel\u00farico tuvo como epicentro la localidad de Ulapes, en la zona sur de La Rioja<\/p>\n","protected":false},"author":1,"featured_media":39367,"comment_status":"closed","ping_status":"closed","sticky":false,"template":"","format":"standard","meta":{"footnotes":""},"categories":[26],"tags":[],"_links":{"self":[{"href":"https:\/\/ritmocordoba.com\/index.php?rest_route=\/wp\/v2\/posts\/39366"}],"collection":[{"href":"https:\/\/ritmocordoba.com\/index.php?rest_route=\/wp\/v2\/posts"}],"about":[{"href":"https:\/\/ritmocordoba.com\/index.php?rest_route=\/wp\/v2\/types\/post"}],"author":[{"embeddable":true,"href":"https:\/\/ritmocordoba.com\/index.php?rest_route=\/wp\/v2\/users\/1"}],"replies":[{"embeddable":true,"href":"https:\/\/ritmocordoba.com\/index.php?rest_route=%2Fwp%2Fv2%2Fcomments&post=39366"}],"version-history":[{"count":0,"href":"https:\/\/ritmocordoba.com\/index.php?rest_route=\/wp\/v2\/posts\/39366\/revisions"}],"wp:featuredmedia":[{"embeddable":true,"href":"https:\/\/ritmocordoba.com\/index.php?rest_route=\/wp\/v2\/media\/39367"}],"wp:attachment":[{"href":"https:\/\/ritmocordoba.com\/index.php?rest_route=%2Fwp%2Fv2%2Fmedia&parent=39366"}],"wp:term":[{"taxonomy":"category","embeddable":true,"href":"https:\/\/ritmocordoba.com\/index.php?rest_route=%2Fwp%2Fv2%2Fcategories&post=39366"},{"taxonomy":"post_tag","embeddable":true,"href":"https:\/\/ritmocordoba.com\/index.php?rest_route=%2Fwp%2Fv2%2Ftags&post=39366"}],"curies":[{"name":"wp","href":"https:\/\/api.w.org\/{rel}","templated":true}]}}