{"id":39362,"date":"2026-03-07T10:56:52","date_gmt":"2026-03-07T10:56:52","guid":{"rendered":"http:\/\/69ab48d0994c6d68ca1691f8"},"modified":"2026-03-07T10:56:52","modified_gmt":"2026-03-07T10:56:52","slug":"claudio-toledo-y-el-tano-romero-vuelven-al-club-antartida-argentina","status":"publish","type":"post","link":"https:\/\/ritmocordoba.com\/?p=39362","title":{"rendered":"Claudio Toledo y el Tano Romero vuelven al Club Ant\u00e1rtida Argentina"},"content":{"rendered":"\n<div class=\"media_block\"><img decoding=\"async\" src=\"http:\/\/ritmocordoba.com\/wp-content\/uploads\/2026\/03\/claudio-toledo-y-el-tano-romero-vuelven-al-club-antartida-argentina.jpg\"><\/div>\n<p><tadevel-ad sizes=\"336x280-300x300-300x250-300x200-300x100, 728x90-336x280-300x300-300x250-300x200-300x100 1024w\" slot-id=\"article-content-01\"><\/tadevel-ad><\/p>\n<p><strong>Claudio Toledo<\/strong> y <strong>Tano Romero<\/strong> volver\u00e1n a compartir escenario en San Francisco el <strong>viernes 13 de marzo<\/strong>, cuando se presenten en el sal\u00f3n del <strong>Club Ant\u00e1rtida Argentina <\/strong>con un <strong>baile de formato XL <\/strong>que reunir\u00e1 a dos referentes del cuarteto.<\/p>\n<p>La propuesta, que impulsa <strong>RC Producciones<\/strong>, reunir\u00e1 a ambos cantantes en una noche bajo el concepto \u201cbatalla de \u00e9xitos\u201d, con presentaciones alternadas de cada banda.<\/p>\n<figure class=\"multimedia\" data-tadevel-template=\"web\/multimedia\" data-type=\"photo\">\n<div class=\"content\">\n<div class=\"sizer\" data-sizer=\"aspect-ratio\" data-tadevel-template=\"web\/aspect-ratio\"><picture data-tadevel-template=\"web\/picture\"><source sizes=\"(min-device-width: 768px) 768px, 200px\" srcset=\"http:\/\/ritmocordoba.com\/wp-content\/uploads\/2026\/03\/claudio-toledo-y-el-tano-romero-vuelven-al-club-antartida-argentina.webp 144w, http:\/\/ritmocordoba.com\/wp-content\/uploads\/2026\/03\/claudio-toledo-y-el-tano-romero-vuelven-al-club-antartida-argentina-1.webp 288w, https:\/\/periodico-assets.tadevel-cdn.com\/69ac0225efd1893a324870f0\/720.webp 576w\" type=\"image\/webp\"><source sizes=\"(min-device-width: 768px) 768px, 200px\" srcset=\"https:\/\/periodico-assets.tadevel-cdn.com\/69ac0225efd1893a324870f0\/720.jpeg 576w\" type=\"image\/jpeg\"><img alt=\"Claudio Toledo y el Tano Romero vuelven al Club Ant\u00e1rtida Argentina\" loading=\"lazy\"><x-picture-helper><\/x-picture-helper><\/picture><\/div>\n<\/div>\n<\/figure>\n<p><tadevel-ad sizes=\"336x280-300x300-300x250-300x200-300x100, 728x90-336x280-300x300-300x250-300x200-300x100 1024w\" slot-id=\"article-content-02\"><\/tadevel-ad><\/p>\n<p>El baile se desarrollar\u00e1 en el sal\u00f3n ubicado en Juan de Garay 4500 y est\u00e1 anunciado con cuatro selecciones a lo largo de la madrugada, en un formato que prev\u00e9 m\u00fasica de 1 a 5.<\/p>\n<p>De acuerdo al material promocional, la din\u00e1mica del show ser\u00e1 con tandas alternadas entre los dos artistas, con un repertorio centrado en cl\u00e1sicos del cuarteto que marcaron distintas etapas de sus trayectorias.<\/p>\n<p>La organizaci\u00f3n inform\u00f3 adem\u00e1s que <a rel=\"noopener nofollow\" href=\"https:\/\/www.masentrada.app\/events\/claudio-toledo-tano-romero-san-francisco\" target=\"_blank\">la preventa de entradas ya se encuentra disponible a trav\u00e9s de la plataforma Tikzet.<\/a><\/p>\n<p><tadevel-ad sizes=\"336x280-300x300-300x250-300x200-300x100, 728x90-336x280-300x300-300x250-300x200-300x100 1024w\" slot-id=\"article-content-03\"><\/tadevel-ad> <\/p>\n","protected":false},"excerpt":{"rendered":"\n<div class=\"media_block\"><img decoding=\"async\" src=\"http:\/\/ritmocordoba.com\/wp-content\/uploads\/2026\/03\/claudio-toledo-y-el-tano-romero-vuelven-al-club-antartida-argentina.jpg\"><\/div>\n<p>El evento est\u00e1 anunciado para el viernes 13 de marzo en el sal\u00f3n ubicado sobre Juan de Garay 4500. La propuesta incluye un show estilo \u201cbaile XL\u201d con cuatro selecciones musicales.  <\/p>\n","protected":false},"author":1,"featured_media":39363,"comment_status":"closed","ping_status":"closed","sticky":false,"template":"","format":"standard","meta":{"footnotes":""},"categories":[19],"tags":[],"_links":{"self":[{"href":"https:\/\/ritmocordoba.com\/index.php?rest_route=\/wp\/v2\/posts\/39362"}],"collection":[{"href":"https:\/\/ritmocordoba.com\/index.php?rest_route=\/wp\/v2\/posts"}],"about":[{"href":"https:\/\/ritmocordoba.com\/index.php?rest_route=\/wp\/v2\/types\/post"}],"author":[{"embeddable":true,"href":"https:\/\/ritmocordoba.com\/index.php?rest_route=\/wp\/v2\/users\/1"}],"replies":[{"embeddable":true,"href":"https:\/\/ritmocordoba.com\/index.php?rest_route=%2Fwp%2Fv2%2Fcomments&post=39362"}],"version-history":[{"count":0,"href":"https:\/\/ritmocordoba.com\/index.php?rest_route=\/wp\/v2\/posts\/39362\/revisions"}],"wp:featuredmedia":[{"embeddable":true,"href":"https:\/\/ritmocordoba.com\/index.php?rest_route=\/wp\/v2\/media\/39363"}],"wp:attachment":[{"href":"https:\/\/ritmocordoba.com\/index.php?rest_route=%2Fwp%2Fv2%2Fmedia&parent=39362"}],"wp:term":[{"taxonomy":"category","embeddable":true,"href":"https:\/\/ritmocordoba.com\/index.php?rest_route=%2Fwp%2Fv2%2Fcategories&post=39362"},{"taxonomy":"post_tag","embeddable":true,"href":"https:\/\/ritmocordoba.com\/index.php?rest_route=%2Fwp%2Fv2%2Ftags&post=39362"}],"curies":[{"name":"wp","href":"https:\/\/api.w.org\/{rel}","templated":true}]}}