{"id":39345,"date":"2026-03-06T19:00:40","date_gmt":"2026-03-06T19:00:40","guid":{"rendered":"https:\/\/puntal-editorialfundamento.cms.api.thinkindot.com\/c253368"},"modified":"2026-03-06T19:00:40","modified_gmt":"2026-03-06T19:00:40","slug":"mientras-sigue-la-tension-con-la-uepc-la-provincia-lanza-un-bono-escolar-para-estatales","status":"publish","type":"post","link":"https:\/\/ritmocordoba.com\/?p=39345","title":{"rendered":"Mientras sigue la tensi\u00f3n con la UEPC, la Provincia lanza un bono escolar para estatales"},"content":{"rendered":"\n<div><img decoding=\"async\" src=\"http:\/\/ritmocordoba.com\/wp-content\/uploads\/2026\/03\/mientras-sigue-la-tension-con-la-uepc-la-provincia-lanza-un-bono-escolar-para-estatales.jpg\" class=\"ff-og-image-inserted\"><\/div>\n<div class=\"cuerpo\" data-twitter-link readability=\"38\">\n<p data-start=\"678\" data-end=\"968\"> El beneficio ser\u00e1 depositado <strong data-start=\"707\" data-end=\"733\">este s\u00e1bado 7 de marzo<\/strong> en las cuentas de los trabajadores estatales que tengan hijos cursando <strong data-start=\"805\" data-end=\"836\">nivel primario o secundario<\/strong>. Seg\u00fan datos oficiales, la medida alcanzar\u00e1 a <strong data-start=\"883\" data-end=\"910\">unos 32 mil estudiantes<\/strong> vinculados a familias de empleados p\u00fablicos provinciales.<\/p>\n<p data-start=\"970\" data-end=\"1179\">Uno de los puntos destacados del anuncio es que <strong data-start=\"1018\" data-end=\"1087\">el monto no podr\u00e1 ser debitado por deudas con el banco provincial<\/strong>, incluso en el caso de que los beneficiarios tengan compromisos financieros con la entidad.<\/p>\n<p data-start=\"1181\" data-end=\"1509\">De acuerdo con lo publicado por el diario La Voz del Interior, referentes de distintos gremios estatales se\u00f1alaron que <strong data-start=\"1318\" data-end=\"1354\">no fueron informados previamente<\/strong> sobre la decisi\u00f3n del Ejecutivo. La asistencia fue comunicada a los trabajadores mediante <strong data-start=\"1445\" data-end=\"1508\">un breve correo electr\u00f3nico enviado a los agentes estatales<\/strong>.<\/p>\n<p data-start=\"1511\" data-end=\"1716\">El anuncio llega en un contexto de <strong data-start=\"1546\" data-end=\"1630\">negociaci\u00f3n salarial abierta con la Uni\u00f3n de Educadores de la Provincia de C\u00f3rdoba (UEPC)<\/strong>, que ya rechaz\u00f3 la primera propuesta paritaria presentada por el Gobierno provincial.<\/p>\n<p data-start=\"1718\" data-end=\"1979\">En ese marco, el gremio docente confirm\u00f3 <strong data-start=\"1759\" data-end=\"1807\">dos paros de 24 horas para la pr\u00f3xima semana<\/strong>: el <strong data-start=\"1812\" data-end=\"1823\">lunes 9<\/strong>, en adhesi\u00f3n a las actividades por el D\u00eda Internacional de la Mujer, y el <strong data-start=\"1906\" data-end=\"1922\">mi\u00e9rcoles 11<\/strong>, como parte del reclamo salarial dentro de la paritaria.<\/p>\n<p data-start=\"1981\" data-end=\"2179\" data-is-last-node data-is-only-node>As\u00ed, la decisi\u00f3n del Gobierno provincial aparece como <strong data-start=\"2035\" data-end=\"2080\">un gesto hacia los trabajadores estatales<\/strong> en medio de un escenario de fuerte tensi\u00f3n sindical y con el conflicto docente a\u00fan sin resoluci\u00f3n.<\/p>\n<\/div>\n","protected":false},"excerpt":{"rendered":"\n<p class=\"ignore-parser\">El Gobierno de C\u00f3rdoba depositar\u00e1 este s\u00e1bado una ayuda escolar extraordinaria para trabajadores estatales con hijos en primaria o secundaria<\/p>\n","protected":false},"author":1,"featured_media":39346,"comment_status":"closed","ping_status":"closed","sticky":false,"template":"","format":"standard","meta":{"footnotes":""},"categories":[26],"tags":[],"_links":{"self":[{"href":"https:\/\/ritmocordoba.com\/index.php?rest_route=\/wp\/v2\/posts\/39345"}],"collection":[{"href":"https:\/\/ritmocordoba.com\/index.php?rest_route=\/wp\/v2\/posts"}],"about":[{"href":"https:\/\/ritmocordoba.com\/index.php?rest_route=\/wp\/v2\/types\/post"}],"author":[{"embeddable":true,"href":"https:\/\/ritmocordoba.com\/index.php?rest_route=\/wp\/v2\/users\/1"}],"replies":[{"embeddable":true,"href":"https:\/\/ritmocordoba.com\/index.php?rest_route=%2Fwp%2Fv2%2Fcomments&post=39345"}],"version-history":[{"count":0,"href":"https:\/\/ritmocordoba.com\/index.php?rest_route=\/wp\/v2\/posts\/39345\/revisions"}],"wp:featuredmedia":[{"embeddable":true,"href":"https:\/\/ritmocordoba.com\/index.php?rest_route=\/wp\/v2\/media\/39346"}],"wp:attachment":[{"href":"https:\/\/ritmocordoba.com\/index.php?rest_route=%2Fwp%2Fv2%2Fmedia&parent=39345"}],"wp:term":[{"taxonomy":"category","embeddable":true,"href":"https:\/\/ritmocordoba.com\/index.php?rest_route=%2Fwp%2Fv2%2Fcategories&post=39345"},{"taxonomy":"post_tag","embeddable":true,"href":"https:\/\/ritmocordoba.com\/index.php?rest_route=%2Fwp%2Fv2%2Ftags&post=39345"}],"curies":[{"name":"wp","href":"https:\/\/api.w.org\/{rel}","templated":true}]}}