{"id":39340,"date":"2026-03-06T23:12:37","date_gmt":"2026-03-06T23:12:37","guid":{"rendered":"https:\/\/cultura.cordoba.gob.ar\/?p=24107"},"modified":"2026-03-06T23:12:37","modified_gmt":"2026-03-06T23:12:37","slug":"con-mas-de-5-000-espectadores-la-ciudad-eligio-a-julio-chavez-en-la-temporada-estival-del-comedia","status":"publish","type":"post","link":"https:\/\/ritmocordoba.com\/?p=39340","title":{"rendered":"Con m\u00e1s de 5.000 espectadores la ciudad eligi\u00f3 a Julio Ch\u00e1vez en la temporada estival del Comedia"},"content":{"rendered":"\n<p><b>La pieza dirigida por Ricky Pashkus integr\u00f3 la programaci\u00f3n del Teatro Comedia durante todos los fines de semana de febrero,&nbsp; concretando un total de 11 funciones a sala llena. La producci\u00f3n nacional reafirm\u00f3 la capacidad de la sala municipal para albergar propuestas de gran escala.<\/b><\/p>\n<p><b><br \/><\/b><span>Durante todo febrero, los fines de semana del Teatro Comedia tuvieron un protagonista indiscutido: Julio Ch\u00e1vez, uno de los actores m\u00e1s reconocidos de la escena nacional, lleg\u00f3 a C\u00f3rdoba con <\/span><i><span>La Ballena<\/span><\/i><span>.<\/span><\/p>\n<p><span>De viernes a domingo, la obra escrita por Samuel D. Hunter y dirigida por Ricky Pashkus form\u00f3 parte de la cartelera del teatro municipal, convocando a m\u00e1s de 5 mil espectadores a lo largo del mes, con salas llenas y una recepci\u00f3n atravesada por el impacto emocional de la puesta.<\/span><\/p>\n<p><span>La pieza teatral, una adaptaci\u00f3n del texto original, aborda la complejidad de la obesidad m\u00f3rbida y la b\u00fasqueda del perd\u00f3n en los \u00faltimos d\u00edas de vida del protagonista.&nbsp;<\/span><\/p>\n<p><span>La obra cuenta la historia de Charlie, un profesor de literatura con obesidad severa que dicta clases de manera virtual desde su casa. Al enterarse de que le queda poco tiempo de vida, decide intentar un \u00faltimo acercamiento con su hija adolescente, Ellie, a quien no ve desde hace ocho a\u00f1os. Ese reencuentro, atravesado por silencios, reproches y recuerdos, se vuelve el eje de una trama \u00edntima que se desarrolla en los d\u00edas finales del protagonista.<\/span><\/p>\n<p><span>El desaf\u00edo de Ch\u00e1vez y del elenco fue humanizar estos temas y correrse de una mirada reduccionista. \u201cEncontramos justamente no poner el acento en una situaci\u00f3n casi promiscua de insistencia acerca de la obesidad m\u00f3rbida y de la oscuridad del tema, sino que hemos logrado -creo- que la morbidez sea la puerta de entrada y que cuando el espectador se va, esa morbidez no sea la protagonista, sino una humanidad que tiene como circunstancia el personaje\u201d, reflexion\u00f3 el actor sobre el aprendizaje que le dej\u00f3 esta experiencia in\u00e9dita en su carrera.<\/span><\/p>\n<p><span>El actor tambi\u00e9n puso en valor el rol activo del p\u00fablico durante las funciones. Seg\u00fan se\u00f1al\u00f3, en la sala se genera \u201cun silencio que no es formal, sino activo\u201d: no se trata de quietud pasiva, sino de una atenci\u00f3n concentrada que colabora con el desarrollo de la historia. \u201cEl espectador est\u00e1 trabajando. Sabe que si interrumpe, interfiere en algo que est\u00e1 sucediendo. Lo que produce el espect\u00e1culo no es s\u00f3lo lo que pasa arriba del escenario, sino lo que pasa arriba y lo que hace el espectador\u201d, explic\u00f3.<\/span><\/p>\n<p><span>El elenco se complet\u00f3 con Laura Oliva, M\u00e1ximo Meyer, Manuela Yantorno y Cecilia Cambiaso; y la puesta cont\u00f3 con escenograf\u00eda de Jorge Ferrari, vestuario de La Polilla, m\u00fasica original de Diego Vainer y maquillaje FX a cargo de Germ\u00e1n P\u00e9rez.&nbsp;<\/span><\/p>\n<p><span>Por fuera de la obra, durante su estad\u00eda en la ciudad, Julio Ch\u00e1vez destac\u00f3 especialmente la recepci\u00f3n del p\u00fablico cordob\u00e9s. \u201cEs muy anfitri\u00f3n. Se ocupa mucho de chequear que uno est\u00e9 contento\u201d, se\u00f1al\u00f3 el actor, quien tambi\u00e9n observ\u00f3 el v\u00ednculo afectivo que los espectadores mantienen con su escena cultural.<\/span><\/p>\n<p><span>El paso de La Ballena por C\u00f3rdoba tambi\u00e9n dej\u00f3 en evidencia la capacidad del Teatro Comedia para albergar producciones de gran escala. En ese sentido, Ch\u00e1vez ubic\u00f3 a la sala municipal en un nivel internacional, al destacar la combinaci\u00f3n entre modernidad t\u00e9cnica y esp\u00edritu hist\u00f3rico.<\/span><\/p>\n<p><span>\u201cEs un teatro hecho con una mirada, con una belleza y una arquitectura impactantes. Cuando yo entr\u00e9 dije: es como un teatro alem\u00e1n, -he hecho teatro en Alemania- y, sin menospreciarnos, tiene una estructura extraordinaria. Este teatro construye para m\u00ed una obligaci\u00f3n. Es muy generoso para con el teatro, para con la labor, un teatro de esta naturaleza\u201d, sostuvo.<\/span><\/p>\n<p><span>El actor tambi\u00e9n puso el foco en la experiencia que propone el espacio desde su clima de recepci\u00f3n. \u201cEl Teatro Comedia en s\u00ed mismo es un lugar que habla del buen trato. Cuando uno entra al hall hay un recibimiento hermoso. La est\u00e9tica es muy bella, tiene elementos de primer\u00edsima calidad pero no se te imponen. No es un teatro de nueva riqueza; es un teatro hecho desde una mirada de belleza, desde una arquitectura pensada.\u201d<\/span><\/p>\n<p><span>Adem\u00e1s, destac\u00f3 las condiciones esc\u00e9nicas y c\u00f3mo estas inciden directamente en el trabajo art\u00edstico: \u201cMarca muy fuertemente algo, es casi un lenguaje en t\u00e9rminos de lo que pone en escena. Tiene que ver con los dispositivos, las alturas, los equipamientos, las butacas, la comodidad y la distribuci\u00f3n del p\u00fablico. Todo eso construye una manera de trabajar y de presentar una obra\u201d.<\/span><\/p>\n<p><span>En ese mismo sentido, el secretario de Fortalecimiento Vecinal, Cultura y Deportes, H\u00e9ctor Campana, sostuvo que \u201cla ciudad pudo disfrutar de una obra de enorme calidad, con una actuaci\u00f3n deslumbrante de Julio Ch\u00e1vez. Adem\u00e1s, permiti\u00f3 que los cordobeses sigan apropi\u00e1ndose del teatro, que est\u00e1 m\u00e1s lindo que nunca. La gente volvi\u00f3 a vivir la temporada en la ciudad, retomando una hermosa tradici\u00f3n\u201d; y anticip\u00f3 que \u201cdurante el a\u00f1o tambi\u00e9n habr\u00e1 propuestas de gran nivel\u201d.<\/span><\/p>\n<p><span>De esta forma, el paso de <\/span><i><span>La Ballena<\/span><\/i><span> dej\u00f3 algo m\u00e1s que una temporada exitosa: confirm\u00f3 la capacidad de C\u00f3rdoba para recibir producciones de gran escala y sostener un di\u00e1logo entre la escena nacional y su p\u00fablico, fortaleciendo su lugar dentro del circuito teatral argentino.<\/span><\/p>\n","protected":false},"excerpt":{"rendered":"<p> La pieza dirigida por Ricky Pashkus integr\u00f3 la programaci\u00f3n del Teatro Comedia durante todos los fines de semana de febrero,\u00a0 concretando un total de 11 funciones a sala llena. La [&#8230;]  <\/p>\n","protected":false},"author":1,"featured_media":0,"comment_status":"closed","ping_status":"closed","sticky":false,"template":"","format":"standard","meta":{"footnotes":""},"categories":[20,19],"tags":[28,104],"_links":{"self":[{"href":"https:\/\/ritmocordoba.com\/index.php?rest_route=\/wp\/v2\/posts\/39340"}],"collection":[{"href":"https:\/\/ritmocordoba.com\/index.php?rest_route=\/wp\/v2\/posts"}],"about":[{"href":"https:\/\/ritmocordoba.com\/index.php?rest_route=\/wp\/v2\/types\/post"}],"author":[{"embeddable":true,"href":"https:\/\/ritmocordoba.com\/index.php?rest_route=\/wp\/v2\/users\/1"}],"replies":[{"embeddable":true,"href":"https:\/\/ritmocordoba.com\/index.php?rest_route=%2Fwp%2Fv2%2Fcomments&post=39340"}],"version-history":[{"count":0,"href":"https:\/\/ritmocordoba.com\/index.php?rest_route=\/wp\/v2\/posts\/39340\/revisions"}],"wp:attachment":[{"href":"https:\/\/ritmocordoba.com\/index.php?rest_route=%2Fwp%2Fv2%2Fmedia&parent=39340"}],"wp:term":[{"taxonomy":"category","embeddable":true,"href":"https:\/\/ritmocordoba.com\/index.php?rest_route=%2Fwp%2Fv2%2Fcategories&post=39340"},{"taxonomy":"post_tag","embeddable":true,"href":"https:\/\/ritmocordoba.com\/index.php?rest_route=%2Fwp%2Fv2%2Ftags&post=39340"}],"curies":[{"name":"wp","href":"https:\/\/api.w.org\/{rel}","templated":true}]}}