{"id":39323,"date":"2026-03-05T19:38:13","date_gmt":"2026-03-05T19:38:13","guid":{"rendered":"https:\/\/puntal-editorialfundamento.cms.api.thinkindot.com\/c253301"},"modified":"2026-03-05T19:38:13","modified_gmt":"2026-03-05T19:38:13","slug":"cordoba-le-estallo-el-celular-se-le-quemo-el-68-del-cuerpo-y-le-dieron-el-alta-tras-dos-meses-internado","status":"publish","type":"post","link":"https:\/\/ritmocordoba.com\/?p=39323","title":{"rendered":"C\u00f3rdoba: le estall\u00f3 el celular, se le quem\u00f3 el 68% del cuerpo y le dieron el alta tras dos meses internado"},"content":{"rendered":"\n<div><img decoding=\"async\" src=\"http:\/\/ritmocordoba.com\/wp-content\/uploads\/2026\/03\/cordoba-le-estallo-el-celular-se-le-quemo-el-68-del-cuerpo-y-le-dieron-el-alta-tras-dos-meses-internado.jpg\" class=\"ff-og-image-inserted\"><\/div>\n<div class=\"cuerpo\" data-twitter-link readability=\"32\">\n<p>\u201cEstoy contento de estar en casa, me estoy recuperando bien\u201d, expres\u00f3 en di\u00e1logo con Noticiero Doce, a la vez que agradeci\u00f3 al personal del Instituto del Quemado, a su colegio y a su familia por el apoyo recibido.<\/p>\n<p>Con vendas en gran parte de su cuerpo, el chico record\u00f3 c\u00f3mo sucedi\u00f3 el accidente. \u201cEstaba limpiando el patio, el celular explot\u00f3 de espaldas a m\u00ed. La explosi\u00f3n agarr\u00f3 un bid\u00f3n de aguarr\u00e1s y qued\u00e9 encerrado en una esquina del patio. Reaccion\u00e9 r\u00e1pido y sal\u00ed del fuego cubri\u00e9ndome los ojos sin respirar\u201d, relat\u00f3.<\/p>\n<p>Por su parte, la madre de Benjam\u00edn detall\u00f3 que la recuperaci\u00f3n es lenta y larga. \u201cYa est\u00e1 mejor en casa, seguimos con las curaciones, con los tratamientos psiqui\u00e1tricos y psicol\u00f3gicos porque tiene estr\u00e9s postraum\u00e1tico\u201d, explic\u00f3 Eugenia, adem\u00e1s de indicar que su hijo tiene que comprar un costoso traje de compresi\u00f3n para cuidar su piel y continuar el proceso de recuperaci\u00f3n, que demandar\u00e1 entre un a\u00f1o y medio y dos a\u00f1os.<\/p>\n<\/div>\n","protected":false},"excerpt":{"rendered":"\n<p class=\"ignore-parser\">\u201cEstoy contento de estar en casa, me estoy recuperando bien\u201d, dijo Benjam\u00edn<\/p>\n","protected":false},"author":1,"featured_media":39324,"comment_status":"closed","ping_status":"closed","sticky":false,"template":"","format":"standard","meta":{"footnotes":""},"categories":[26],"tags":[],"_links":{"self":[{"href":"https:\/\/ritmocordoba.com\/index.php?rest_route=\/wp\/v2\/posts\/39323"}],"collection":[{"href":"https:\/\/ritmocordoba.com\/index.php?rest_route=\/wp\/v2\/posts"}],"about":[{"href":"https:\/\/ritmocordoba.com\/index.php?rest_route=\/wp\/v2\/types\/post"}],"author":[{"embeddable":true,"href":"https:\/\/ritmocordoba.com\/index.php?rest_route=\/wp\/v2\/users\/1"}],"replies":[{"embeddable":true,"href":"https:\/\/ritmocordoba.com\/index.php?rest_route=%2Fwp%2Fv2%2Fcomments&post=39323"}],"version-history":[{"count":0,"href":"https:\/\/ritmocordoba.com\/index.php?rest_route=\/wp\/v2\/posts\/39323\/revisions"}],"wp:featuredmedia":[{"embeddable":true,"href":"https:\/\/ritmocordoba.com\/index.php?rest_route=\/wp\/v2\/media\/39324"}],"wp:attachment":[{"href":"https:\/\/ritmocordoba.com\/index.php?rest_route=%2Fwp%2Fv2%2Fmedia&parent=39323"}],"wp:term":[{"taxonomy":"category","embeddable":true,"href":"https:\/\/ritmocordoba.com\/index.php?rest_route=%2Fwp%2Fv2%2Fcategories&post=39323"},{"taxonomy":"post_tag","embeddable":true,"href":"https:\/\/ritmocordoba.com\/index.php?rest_route=%2Fwp%2Fv2%2Ftags&post=39323"}],"curies":[{"name":"wp","href":"https:\/\/api.w.org\/{rel}","templated":true}]}}