{"id":39319,"date":"2026-03-05T20:29:46","date_gmt":"2026-03-05T20:29:46","guid":{"rendered":"http:\/\/69a9e5e76fe02731d2790964"},"modified":"2026-03-05T20:29:46","modified_gmt":"2026-03-05T20:29:46","slug":"vilma-palma-e-vampiros-celebrara-sus-35-anos-de-trayectoria-en-san-francisco","status":"publish","type":"post","link":"https:\/\/ritmocordoba.com\/?p=39319","title":{"rendered":"Vilma Palma e Vampiros celebrar\u00e1 sus 35 a\u00f1os de trayectoria en San Francisco"},"content":{"rendered":"\n<div class=\"media_block\"><img decoding=\"async\" src=\"http:\/\/ritmocordoba.com\/wp-content\/uploads\/2026\/03\/vilma-palma-e-vampiros-celebrara-sus-35-anos-de-trayectoria-en-san-francisco.jpg\"><\/div>\n<p><tadevel-ad sizes=\"336x280-300x300-300x250-300x200-300x100, 728x90-336x280-300x300-300x250-300x200-300x100 1024w\" slot-id=\"article-content-01\"><\/tadevel-ad><\/p>\n<p><strong>Vilma Palma e Vampiros <\/strong>llegar\u00e1 a San Francisco para celebrar sus 35 a\u00f1os de carrera con un show previsto para el <strong>domingo 5 de abril a las 20:30 <\/strong>en el <strong>Teatro Mayo (Av. Garibaldi 38)<\/strong>. <a rel=\"noopener nofollow\" href=\"https:\/\/www.entradaweb.com.ar\/evento\/4627d273\/step\/1\" target=\"_blank\">Las entradas ya se encuentran disponibles a trav\u00e9s de entradaweb.com.ar <\/a>y tambi\u00e9n en la boleter\u00eda del teatro.<\/p>\n<p>El espect\u00e1culo propondr\u00e1 un recorrido por los principales cl\u00e1sicos del grupo, entre ellos \u201cAuto rojo\u201d, \u201cLa pachanga\u201d, \u201cMojada\u201d, \u201cVoy a vos\u201d, \u201cVerano traidor\u201d y \u201cMe vuelvo loco por vos\u201d.<\/p>\n<p><tadevel-ad sizes=\"336x280-300x300-300x250-300x200-300x100, 728x90-336x280-300x300-300x250-300x200-300x100 1024w\" slot-id=\"article-content-02\"><\/tadevel-ad><\/p>\n<p>La banda, liderada por <strong>Mario \u201cP\u00e1jaro\u201d G\u00f3mez<\/strong> y <strong>Gerardo \u201cLargo\u201d Pugliani<\/strong>, llega al pa\u00eds luego de una gira por Estados Unidos y promete un show con fuerte despliegue musical y visual para repasar canciones que marcaron el rock latino de los a\u00f1os noventa.<\/p>\n<figure class=\"multimedia\" data-tadevel-template=\"web\/multimedia\" data-type=\"photo\">\n<div class=\"content\">\n<div class=\"sizer\" data-sizer=\"aspect-ratio\" data-tadevel-template=\"web\/aspect-ratio\"><picture data-tadevel-template=\"web\/picture\"><source sizes=\"(min-device-width: 768px) 768px, 200px\" srcset=\"http:\/\/ritmocordoba.com\/wp-content\/uploads\/2026\/03\/vilma-palma-e-vampiros-celebrara-sus-35-anos-de-trayectoria-en-san-francisco.webp 144w, http:\/\/ritmocordoba.com\/wp-content\/uploads\/2026\/03\/vilma-palma-e-vampiros-celebrara-sus-35-anos-de-trayectoria-en-san-francisco-1.webp 288w, https:\/\/periodico-assets.tadevel-cdn.com\/69a9e75b6fe02731d2791a7f\/720.webp 576w\" type=\"image\/webp\"><source sizes=\"(min-device-width: 768px) 768px, 200px\" srcset=\"https:\/\/periodico-assets.tadevel-cdn.com\/69a9e75b6fe02731d2791a7f\/720.jpeg 576w\" type=\"image\/jpeg\"><img alt=\"Vilma Palma e Vampiros celebrar\u00e1 sus 35 a\u00f1os de trayectoria en San Francisco\" loading=\"lazy\"><x-picture-helper><\/x-picture-helper><\/picture><\/div>\n<\/div>\n<\/figure>\n<p><tadevel-ad sizes=\"336x280-300x300-300x250-300x200-300x100, 728x90-336x280-300x300-300x250-300x200-300x100 1024w\" slot-id=\"article-content-03\"><\/tadevel-ad><\/p>\n<p>Vilma Palma e Vampiros se form\u00f3 en septiembre de 1990 en Rosario. El nombre surgi\u00f3 a partir de un grafiti que los empleados de una muebler\u00eda escribieron sobre las persianas del local luego del cierre del comercio. La inscripci\u00f3n dec\u00eda: \u201cVilma Palma e Hijos Vampiros de los Obreros\u201d. Con el paso del tiempo, el grafiti se fue borrando y hacia principios de 1991 quedaron solo las palabras \u201cVilma Palma e Vampiros\u201d, que finalmente se transformaron en el nombre del grupo.<\/p>\n<p><tadevel-ad sizes=\"336x280-300x300-300x250-300x200-300x100, 728x90-336x280-300x300-300x250-300x200-300x100 1024w\" slot-id=\"article-content-04\"><\/tadevel-ad><\/p>\n<p>En 1991 la banda grab\u00f3 su primer disco, que incluy\u00f3 los \u00e9xitos \u201cBye Bye\u201d y \u201cLa Pachanga\u201d. El \u00e1lbum super\u00f3 el mill\u00f3n de copias vendidas y posicion\u00f3 r\u00e1pidamente al grupo dentro de la escena del rock argentino.<\/p>\n<p>Dos a\u00f1os despu\u00e9s publicaron su segundo trabajo, \u201c3980\u201d, que incluy\u00f3 temas como \u201cAuto rojo\u201d, \u201cMojada\u201d y \u201cTe quiero tanto\u201d. El disco obtuvo certificaciones de Oro y Platino en Argentina y permiti\u00f3 a la banda expandirse hacia el mercado latinoamericano.<\/p>\n<p><tadevel-ad sizes=\"336x280-300x300-300x250-300x200-300x100, 728x90-336x280-300x300-300x250-300x200-300x100 1024w\" slot-id=\"article-content-05\"><\/tadevel-ad><\/p>\n<h3>Consolidaci\u00f3n en los noventa<\/h3>\n<p>En 1994 el grupo lanz\u00f3 su tercer \u00e1lbum, \u201cFondo profundo\u201d, con canciones como \u201cFondo profundo\u201d, \u201cVoy a vos\u201d, \u201cFernet con coca\u201d y \u201cTodo lo que fue\u201d, que se convirtieron en temas representativos para sus seguidores.<\/p>\n<p>A comienzos de 1995 editaron \u201cSepia, blanco y negro\u201d, un disco que incorpor\u00f3 influencias del reggae, el rock en espa\u00f1ol y el pop. Entre sus sencillos se destacaron \u201cMareo\u201d y \u201cFiesta\u201d, este \u00faltimo dedicado a los fans de Latinoam\u00e9rica.<\/p>\n<p><tadevel-ad sizes=\"336x280-300x300-300x250-300x200-300x100, 728x90-336x280-300x300-300x250-300x200-300x100 1024w\" slot-id=\"article-content-06\"><\/tadevel-ad><\/p>\n<p>Un a\u00f1o m\u00e1s tarde apareci\u00f3 \u201c\u00c1ngeles y demonios\u201d, quinto disco de la banda, con canciones como \u201cLorele\u201d, \u201cDecime no\u201d y \u201cSecretos\u201d. Durante ese mismo per\u00edodo tambi\u00e9n se public\u00f3 una selecci\u00f3n de grandes \u00e9xitos junto con un disco en vivo que reuni\u00f3 grabaciones realizadas en el Teatro \u00d3pera de Buenos Aires en 1993 y en un concierto en Arequipa, Per\u00fa, durante la gira de \u201cFondo profundo\u201d.<\/p>\n<p>En 1998 el grupo edit\u00f3 su sexta producci\u00f3n, \u201cHecatombe\u201d, cuyo primer sencillo fue \u201cTaxi\u201d.<\/p>\n<p><tadevel-ad sizes=\"336x280-300x300-300x250-300x200-300x100, 728x90-336x280-300x300-300x250-300x200-300x100 1024w\" slot-id=\"article-content-07\"><\/tadevel-ad><\/p>\n<h3>Giras internacionales y nuevas etapas<\/h3>\n<p>En el a\u00f1o 2000 Vilma Palma lanz\u00f3 \u201c7\u201d, su s\u00e9ptimo \u00e1lbum de estudio. Ese mismo a\u00f1o celebraron los diez a\u00f1os de la banda con un recital en el Monumento Nacional de la Bandera, en Rosario, ante m\u00e1s de 20.000 personas.<\/p>\n<p>En febrero de 2002 el grupo, con <strong>Mario G\u00f3mez<\/strong> y <strong>Gerardo Pugliani<\/strong> como integrantes originales, se estableci\u00f3 en Estados Unidos y grab\u00f3 el disco \u201cVuelve a comenzar\u201d. A partir de ese lanzamiento realizaron el Latin Tour 2003, una gira que se extendi\u00f3 por m\u00e1s de dos a\u00f1os por distintos pa\u00edses de Am\u00e9rica.<\/p>\n<p><tadevel-ad sizes=\"336x280-300x300-300x250-300x200-300x100, 728x90-336x280-300x300-300x250-300x200-300x100 1024w\" slot-id=\"article-content-08\"><\/tadevel-ad><\/p>\n<p>En 2004 G\u00f3mez y Pugliani regresaron a Rosario, lo que deriv\u00f3 en el retorno de varios integrantes hist\u00f3ricos, entre ellos <strong>Carlos \u201cOveja\u201d Gonz\u00e1lez<\/strong> en bater\u00eda y <strong>Karina Di Lorenzo<\/strong> en coros.<\/p>\n<p>En 2005 el grupo public\u00f3 su noveno disco, \u201cHisteria\u201d, que incluy\u00f3 un cover de la banda espa\u00f1ola Los Coquillos titulado \u201cBorracho hasta el amanecer\u201d. Tras su lanzamiento realizaron una gira por Am\u00e9rica Latina y Estados Unidos durante 2005 y 2006.<\/p>\n<p><tadevel-ad sizes=\"336x280-300x300-300x250-300x200-300x100, 728x90-336x280-300x300-300x250-300x200-300x100 1024w\" slot-id=\"article-content-09\"><\/tadevel-ad><\/p>\n<h3>Producciones recientes<\/h3>\n<p>En mayo de 2007 la banda grab\u00f3 un DVD en vivo frente a miles de seguidores provenientes de distintos puntos de Argentina y tambi\u00e9n de pa\u00edses como Per\u00fa y Ecuador.<\/p>\n<p>En 2010 publicaron el \u00e1lbum \u201c2010\u201d. El t\u00edtulo respondi\u00f3 a una doble referencia: los 20 a\u00f1os de trayectoria del grupo y el hecho de tratarse de su d\u00e9cimo disco. Las canciones y letras volvieron a estar a cargo de la dupla G\u00f3mez\u2013Risso y el trabajo incluy\u00f3 temas como \u201cEstar con vos\u201d y \u201cCara de amor\u201d, que tuvieron difusi\u00f3n en radios argentinas.<\/p>\n<p><tadevel-ad sizes=\"336x280-300x300-300x250-300x200-300x100, 728x90-336x280-300x300-300x250-300x200-300x100 1024w\" slot-id=\"article-content-10\"><\/tadevel-ad><\/p>\n<p>Dos a\u00f1os m\u00e1s tarde editaron \u201cAgarrate fuerte\u201d, su und\u00e9cimo \u00e1lbum, con canciones como \u201cAg\u00e1rrate fuerte\u201d, \u201cVoy a seguir bailando\u201d y \u201cSabor Par\u00eds\u201d, este \u00faltimo con influencias de bossa nova.<\/p>\n<p><strong>En la actualidad Vilma Palma e Vampiros contin\u00faa lanzando nuevas canciones, entre ellas \u201cLo que pienso de vos\u201d y \u201cMe siento loco\u201d, disponibles en plataformas digitales.<\/strong> La banda mantiene una agenda de presentaciones en distintas ciudades del interior de Argentina y tambi\u00e9n en pa\u00edses como Colombia, Per\u00fa, M\u00e9xico, Ecuador y Estados Unidos, mientras prepara una gira por Europa.<\/p>\n<p><tadevel-ad sizes=\"336x280-300x300-300x250-300x200-300x100, 728x90-336x280-300x300-300x250-300x200-300x100 1024w\" slot-id=\"article-content-11\"><\/tadevel-ad> <\/p>\n","protected":false},"excerpt":{"rendered":"\n<div class=\"media_block\"><img decoding=\"async\" src=\"http:\/\/ritmocordoba.com\/wp-content\/uploads\/2026\/03\/vilma-palma-e-vampiros-celebrara-sus-35-anos-de-trayectoria-en-san-francisco.jpg\"><\/div>\n<p>La banda se presentar\u00e1 el domingo 5 de abril a las 20:30 en el Teatro Mayo. El show repasar\u00e1 los grandes \u00e9xitos que marcaron a varias generaciones del rock latino.  <\/p>\n","protected":false},"author":1,"featured_media":39320,"comment_status":"closed","ping_status":"closed","sticky":false,"template":"","format":"standard","meta":{"footnotes":""},"categories":[19],"tags":[],"_links":{"self":[{"href":"https:\/\/ritmocordoba.com\/index.php?rest_route=\/wp\/v2\/posts\/39319"}],"collection":[{"href":"https:\/\/ritmocordoba.com\/index.php?rest_route=\/wp\/v2\/posts"}],"about":[{"href":"https:\/\/ritmocordoba.com\/index.php?rest_route=\/wp\/v2\/types\/post"}],"author":[{"embeddable":true,"href":"https:\/\/ritmocordoba.com\/index.php?rest_route=\/wp\/v2\/users\/1"}],"replies":[{"embeddable":true,"href":"https:\/\/ritmocordoba.com\/index.php?rest_route=%2Fwp%2Fv2%2Fcomments&post=39319"}],"version-history":[{"count":0,"href":"https:\/\/ritmocordoba.com\/index.php?rest_route=\/wp\/v2\/posts\/39319\/revisions"}],"wp:featuredmedia":[{"embeddable":true,"href":"https:\/\/ritmocordoba.com\/index.php?rest_route=\/wp\/v2\/media\/39320"}],"wp:attachment":[{"href":"https:\/\/ritmocordoba.com\/index.php?rest_route=%2Fwp%2Fv2%2Fmedia&parent=39319"}],"wp:term":[{"taxonomy":"category","embeddable":true,"href":"https:\/\/ritmocordoba.com\/index.php?rest_route=%2Fwp%2Fv2%2Fcategories&post=39319"},{"taxonomy":"post_tag","embeddable":true,"href":"https:\/\/ritmocordoba.com\/index.php?rest_route=%2Fwp%2Fv2%2Ftags&post=39319"}],"curies":[{"name":"wp","href":"https:\/\/api.w.org\/{rel}","templated":true}]}}