{"id":39318,"date":"2026-03-05T23:03:46","date_gmt":"2026-03-05T23:03:46","guid":{"rendered":"https:\/\/cultura.cordoba.gob.ar\/?p=24129"},"modified":"2026-03-05T23:03:46","modified_gmt":"2026-03-05T23:03:46","slug":"cordoba-conmemora-el-8m-con-una-agenda-que-cruza-literatura-musica-cine-danza-y-teatro","status":"publish","type":"post","link":"https:\/\/ritmocordoba.com\/?p=39318","title":{"rendered":"C\u00f3rdoba conmemora el 8M con una agenda que cruza literatura, m\u00fasica, cine, danza y teatro"},"content":{"rendered":"\n<p><b>La programaci\u00f3n incluye la presentaci\u00f3n del libro <\/b><b><i>Resistir para seguir<\/i><\/b><b> en el CCEC, un encuentro de mujeres con ascendencia armenia en el Cabildo, la jornada multidisciplinaria \u201cMemoria Viva\u201d en la Casona Municipal y la puesta esc\u00e9nica <\/b><b><i>LEVE<\/i><\/b><b> en el Teatro Comedia. El Cineclub Municipal se suma con el ciclo \u201cDirectoras franc\u00f3fonas\u201d, mientras que el Coro Municipal interpretar\u00e1 <\/b><b><i>Mujeres argentinas<\/i><\/b><b> y el Museo San Alberto ofrecer\u00e1 visitas guiadas especiales durante todo el mes.<\/b><\/p>\n<p><span>La ciudad se prepara para el D\u00eda Internacional de la Mujer con una programaci\u00f3n diversa impulsada por la Secretar\u00eda de Fortalecimiento Vecinal, Cultura y Deportes, que atraviesa distintas disciplinas art\u00edsticas y espacios culturales. Desde presentaciones de libros y encuentros intergeneracionales hasta cine, intervenciones perform\u00e1ticas, m\u00fasica en vivo y recorridos patrimoniales con perspectiva de g\u00e9nero, la agenda del 8M en C\u00f3rdoba propone una reflexi\u00f3n amplia sobre memoria, identidad, derechos y creaci\u00f3n femenina.<\/span><\/p>\n<p><span>Las actividades comienzan el jueves <\/span><b>5 de marzo<\/b><span> en el C.C. Espa\u00f1a C\u00f3rdoba (Entre R\u00edos 40), donde a las 19:00 se presentar\u00e1 el libro <\/span><b><i>Resistir para seguir<\/i><\/b><span>, de Beatriz Kreitman, editado por Brujas &amp; Liber Books. Con entrada libre y gratuita, el encuentro contar\u00e1 con la presencia de la autora y de Miriam, protagonista real del testimonio que narra el libro: una mujer que transform\u00f3 una historia de abuso y maltrato en un relato de resiliencia y sororidad. La presentaci\u00f3n ser\u00e1 moderada por la Lic. Ana Colatarci y estar\u00e1 acompa\u00f1ada por m\u00fasica en vivo del cantautor Fran Loyola.<\/span><\/p>\n<p><span>El <\/span><b>viernes 6<\/b><span> la agenda se mueve hacia el Cabildo (Independencia 30), donde entre las 16:30 y las 20:30 se desarrollar\u00e1 <\/span><b>\u201cRa\u00edces de Fortaleza y Amor: Mujeres Armenias, legado y resiliencia\u201d<\/b><span>, organizado por la Colectividad Armenia de C\u00f3rdoba. El encuentro reunir\u00e1 a diez mujeres descendientes de armenios destacadas en \u00e1mbitos como la pol\u00edtica, la ciencia, el arte, el periodismo y la justicia, generando un di\u00e1logo intergeneracional sobre identidad, memoria hist\u00f3rica y liderazgo femenino.<\/span><\/p>\n<p><span>Ese mismo d\u00eda, desde las 17:30 y hasta las 21:30, la Casona Municipal (Gral. Paz 395) ser\u00e1 escenario de <\/span><b>\u201cMemoria Viva: 8M| D\u00eda Internacional de la Mujer\u201d<\/b><span>, una propuesta multidisciplinaria con entrada libre y gratuita que ocupar\u00e1 distintos espacios del edificio. Habr\u00e1 m\u00fasica en vivo a cargo de artistas locales, proyecciones audiovisuales organizadas por Diverses Audiovisuales C\u00f3rdoba (DIVAC), muestras fotogr\u00e1ficas de los colectivos Ni Una Menos y Cat\u00f3licas por el Derecho a Decidir, adem\u00e1s de intervenciones perform\u00e1ticas y propuestas de danza y teatro de t\u00edteres.&nbsp;<\/span><\/p>\n<p><span>La noche del viernes tambi\u00e9n tendr\u00e1 una fuerte impronta cinematogr\u00e1fica en el Cineclub Municipal (Blvd. San Juan 49), que a las 20:00 proyectar\u00e1 <\/span><i><span>Mar\u00eda<\/span><\/i><span>, de la directora Jessica Palud, en el marco del ciclo<\/span><b> \u201cDirectoras franc\u00f3fonas: Regards f\u00e9minins\u201d<\/b><span>, organizado junto a la Alianza Francesa de C\u00f3rdoba. La pel\u00edcula narra la vida de la actriz Maria Schneider y dialoga con las discusiones contempor\u00e1neas abiertas a partir del movimiento #MeToo. El ciclo continuar\u00e1 durante todo marzo con t\u00edtulos de directoras de Canad\u00e1, Francia y Rep\u00fablica Democr\u00e1tica del Congo. Para ver la programaci\u00f3n completa ingresar <\/span><a href=\"https:\/\/cineclubmunicipal.org.ar\/\"><span>aqu\u00ed<\/span><\/a><span>.&nbsp;<\/span><\/p>\n<p><span>En paralelo, el Teatro Comedia (Rivadavia 254) presentar\u00e1 la obra <\/span><b><i>LEVE<\/i><\/b><span>, una puesta que combina m\u00fasica en vivo y danza basada en una historia real. Con direcci\u00f3n musical de Camilo Santostefano y direcci\u00f3n esc\u00e9nica y coreogr\u00e1fica de Cristina G\u00f3mez Comini, la propuesta re\u00fane al ensamble vocal 12 de C\u00e1mara y a la Compa\u00f1\u00eda Danza Viva en una experiencia esc\u00e9nica que articula sensibilidad, memoria y corporalidad. La funci\u00f3n ser\u00e1 el jueves 6 a las 20:30 y el <\/span><b>s\u00e1bado 7<\/b><span> a las 18:00. Las entradas pueden adquirirse a trav\u00e9s del siguiente <\/span><a href=\"https:\/\/www.ticketek.com.ar\/leve\/teatro-comedia\"><span>enlace <\/span><\/a><span>o en la boleter\u00eda del teatro. <\/span><span><br \/><\/span><span><br \/><\/span><span>Por su parte, La Piojera (Av. Col\u00f3n 1559) tendr\u00e1 doble actividad: el viernes 6 desde las 19:30 habr\u00e1 viernes de patios con ronda de brujxs, una propuesta que incluye m\u00fasica, poes\u00eda y feria; y el s\u00e1bado 7 habr\u00e1 cine a las 21:00 con la proyecci\u00f3n de Sara Astiazar\u00e1n, la monja que encendi\u00f3 la lucha colectiva (Argentina 2025).<\/span><\/p>\n<p><span>En el Cabildo (Independencia 30), la agenda continuar\u00e1 el <\/span><b>mi\u00e9rcoles 18<\/b><span> de marzo a las 20:00 con el concierto <\/span><b>\u201cMujeres argentinas\u201d<\/b><span>, con entrada libre y gratuita. La emblem\u00e1tica obra de la m\u00fasica popular argentina, compuesta por Ariel Ram\u00edrez con textos de F\u00e9lix Luna y grabada originalmente en 1969 por Mercedes Sosa, rinde homenaje po\u00e9tico y musical a mujeres que dejaron una huella profunda en la historia y la cultura del pa\u00eds. El repertorio incluye piezas como \u201cAlfonsina y el mar\u201d, \u201cDorotea la cautiva\u201d, \u201cGringa chaque\u00f1a\u201d y \u201cJuana Azurduy\u201d, y ser\u00e1 interpretado por el Coro Municipal de C\u00f3rdoba.<\/span><\/p>\n<p><span>Al d\u00eda siguiente, tambi\u00e9n en el Cabildo, a las 19:00 habr\u00e1 un desfile de moda a cargo de Kitti Quispe, una iniciativa que propone una mirada inclusiva y representativa de la identidad femenina en la ciudad. A trav\u00e9s de la moda como lenguaje cultural, la propuesta busca visibilizar los cuerpos reales y poner en valor la diversidad, con la participaci\u00f3n de mujeres de distintos barrios y contextos sociales en la pasarela. Ese mismo d\u00eda, a las 20:00, el Teatro Comedia presentar\u00e1 la obra teatral <\/span><b><i>El veredicto<\/i><\/b><span>, de la Fundaci\u00f3n Coraz\u00f3n de Mujer. La puesta invita a reflexionar sobre la salud, la conciencia y la voz de las mujeres a partir de una pregunta central: qu\u00e9 ocurrir\u00eda si el cuerpo tomara la palabra.&nbsp;<\/span><\/p>\n<p><span>Durante todo marzo, el Museo San Alberto (Obispo Trejo 194) propone resignificar su recorrido habitual con la visita especial <\/span><b>\u201cCaminar sus nombres. Mujeres y ni\u00f1as en la historia de la Casa\u201d<\/b><span>, que se realiza todos los mi\u00e9rcoles y viernes a las 11:30. Las galer\u00edas del museo -fundado en 1782 como la primera instituci\u00f3n femenina y pluralista del Virreinato del R\u00edo de la Plata, el Real Hogar de Ni\u00f1as Hu\u00e9rfanas Nobles- se transforman simb\u00f3licamente en calles nombradas en homenaje a mujeres y ni\u00f1as vinculadas a su historia. La propuesta invita a recorrer el patrimonio desde una perspectiva de g\u00e9nero, poniendo en primer plano historias muchas veces silenciadas.<\/span><\/p>\n<p><span>Para ver la programaci\u00f3n completa ingresar <\/span><a href=\"https:\/\/docs.google.com\/document\/d\/1K5Y8c_CS6KhX5cThSvvxZxu1OgT8T2au\/edit?usp=sharing&amp;ouid=102816184136719994183&amp;rtpof=true&amp;sd=true\"><span>aqu\u00ed<\/span><\/a><span>. De esta forma, la agenda del 8M en C\u00f3rdoba no se concentra en un \u00fanico acto ni en una sola fecha: se despliega a lo largo de marzo y en distintos espacios de la ciudad. M\u00e1s que una conmemoraci\u00f3n puntual, las propuestas invitan a pensar c\u00f3mo la cultura puede intervenir en las conversaciones actuales sobre representaci\u00f3n y derechos, ampliando el lugar de las mujeres en la escena p\u00fablica y art\u00edstica.<\/span><\/p>\n","protected":false},"excerpt":{"rendered":"<p> La programaci\u00f3n incluye la presentaci\u00f3n del libro Resistir para seguir en el CCEC, un encuentro de mujeres con ascendencia armenia en el Cabildo, la jornada multidisciplinaria \u201cMemoria Viva\u201d en la [&#8230;]  <\/p>\n","protected":false},"author":1,"featured_media":0,"comment_status":"closed","ping_status":"closed","sticky":false,"template":"","format":"standard","meta":{"footnotes":""},"categories":[20,19],"tags":[343,344,187,153,84,86,188,28,41,104],"_links":{"self":[{"href":"https:\/\/ritmocordoba.com\/index.php?rest_route=\/wp\/v2\/posts\/39318"}],"collection":[{"href":"https:\/\/ritmocordoba.com\/index.php?rest_route=\/wp\/v2\/posts"}],"about":[{"href":"https:\/\/ritmocordoba.com\/index.php?rest_route=\/wp\/v2\/types\/post"}],"author":[{"embeddable":true,"href":"https:\/\/ritmocordoba.com\/index.php?rest_route=\/wp\/v2\/users\/1"}],"replies":[{"embeddable":true,"href":"https:\/\/ritmocordoba.com\/index.php?rest_route=%2Fwp%2Fv2%2Fcomments&post=39318"}],"version-history":[{"count":0,"href":"https:\/\/ritmocordoba.com\/index.php?rest_route=\/wp\/v2\/posts\/39318\/revisions"}],"wp:attachment":[{"href":"https:\/\/ritmocordoba.com\/index.php?rest_route=%2Fwp%2Fv2%2Fmedia&parent=39318"}],"wp:term":[{"taxonomy":"category","embeddable":true,"href":"https:\/\/ritmocordoba.com\/index.php?rest_route=%2Fwp%2Fv2%2Fcategories&post=39318"},{"taxonomy":"post_tag","embeddable":true,"href":"https:\/\/ritmocordoba.com\/index.php?rest_route=%2Fwp%2Fv2%2Ftags&post=39318"}],"curies":[{"name":"wp","href":"https:\/\/api.w.org\/{rel}","templated":true}]}}